{"id":3061,"date":"2023-07-11T10:03:37","date_gmt":"2023-07-11T10:03:37","guid":{"rendered":"http:\/\/botschafter-menschenrechte.de\/?p=3061"},"modified":"2023-07-11T12:38:10","modified_gmt":"2023-07-11T12:38:10","slug":"kuba-aktionstag","status":"publish","type":"post","link":"https:\/\/botschafter-menschenrechte.de\/?p=3061","title":{"rendered":"Kuba-Aktionstag"},"content":{"rendered":"\n<h1 class=\"wp-block-heading\"><strong>Kuba-Aktionstag<\/strong><\/h1>\n\n\n\n<p>Am 11. Juli erinnern in Deutschland bundesweit Menschenrechtsaktivisten an die gewaltsame Niederschlagung der landesweiten Freiheitsproteste auf Kuba 2021. Das Netzwerk Botschafter f\u00fcr Menschenrechte (BfM) unterst\u00fctzt am diesj\u00e4hrigen Aktionstag die beteiligten Aktivisten und Organisationen in f\u00fcnf deutschen St\u00e4dten.<\/p>\n\n\n\n<p>Gemeinsames Ziel des Aktionstages ist es, die Regierungen der Europ\u00e4ischen Union auf die anhaltend katastrophale Menschenrechtslage in Kuba hinzuweisen. BfM weist insbesondere auf das Schicksal von vier politischen Gefangenen hin: Der deutsche Staatsb\u00fcrger Luis Frometa Comte aus Dresden ist inhaftiert, weil er mit seinem Smartphone ein Video aufgenommen hatte, das Gewalt gegen Protestierende dokumentiert.<\/p>\n\n\n\n<p>Die kubanischen B\u00fcrgerrechtler Felix und Saily Navarro wurden nach den Protesten inhaftiert, weil sie beharrlich Nachforschungen \u00fcber verschleppte Demonstranten angestellt hatten. Sie selbst hatten an den Demonstrationen gar nicht teilgenommen. Der B\u00fcrgerrechtler Jose Daniel Ferrer, Kubas prominentester Oppositioneller und langj\u00e4hriger politische Gefangener, wurde am 11. Juli 2021 verschleppt. Er hatte ebenfalls nicht an den Protesten teilgenommen. Bis heute wird er an einem unbekannten Ort in Isolationshaft gefangen gehalten.<\/p>\n\n\n\n<h2 class=\"wp-block-heading\">Urlaub auf der Gef\u00e4ngnisinsel? NEIN DANKE!<\/h2>\n\n\n\n<p>BfM-Aktivist Timo Neu zum 11. Juli:<\/p>\n\n\n\n<figure class=\"wp-block-video\"><video height=\"1920\" style=\"aspect-ratio: 1080 \/ 1920;\" width=\"1080\" controls poster=\"http:\/\/botschafter-menschenrechte.de\/wp-content\/uploads\/2023\/07\/IMG_2204.jpeg\" src=\"http:\/\/botschafter-menschenrechte.de\/wp-content\/uploads\/2023\/07\/IMG_4222.mp4\"><\/video><figcaption class=\"wp-element-caption\">Deutsche Version<\/figcaption><\/figure>\n\n\n\n<figure class=\"wp-block-video\"><video height=\"1920\" style=\"aspect-ratio: 1080 \/ 1920;\" width=\"1080\" controls poster=\"http:\/\/botschafter-menschenrechte.de\/wp-content\/uploads\/2023\/07\/IMG_2204.jpeg\" src=\"http:\/\/botschafter-menschenrechte.de\/wp-content\/uploads\/2023\/07\/IMG_4224.mp4\"><\/video><figcaption class=\"wp-element-caption\">Spanische Version<\/figcaption><\/figure>\n","protected":false},"excerpt":{"rendered":"<p>Kuba-Aktionstag Am 11. Juli erinnern in Deutschland bundesweit Menschenrechtsaktivisten an die gewaltsame Niederschlagung der landesweiten Freiheitsproteste auf Kuba 2021. Das Netzwerk Botschafter f\u00fcr Menschenrechte (BfM) unterst\u00fctzt am diesj\u00e4hrigen Aktionstag die beteiligten Aktivisten und Organisationen in f\u00fcnf deutschen St\u00e4dten. Gemeinsames Ziel des Aktionstages ist es, die Regierungen der Europ\u00e4ischen Union auf die anhaltend katastrophale Menschenrechtslage in [&hellip;]<\/p>\n","protected":false},"author":1,"featured_media":2421,"comment_status":"open","ping_status":"open","sticky":false,"template":"","format":"standard","meta":{"footnotes":""},"categories":[17],"tags":[],"class_list":["post-3061","post","type-post","status-publish","format-standard","has-post-thumbnail","hentry","category-kuba"],"_links":{"self":[{"href":"https:\/\/botschafter-menschenrechte.de\/index.php?rest_route=\/wp\/v2\/posts\/3061","targetHints":{"allow":["GET"]}}],"collection":[{"href":"https:\/\/botschafter-menschenrechte.de\/index.php?rest_route=\/wp\/v2\/posts"}],"about":[{"href":"https:\/\/botschafter-menschenrechte.de\/index.php?rest_route=\/wp\/v2\/types\/post"}],"author":[{"embeddable":true,"href":"https:\/\/botschafter-menschenrechte.de\/index.php?rest_route=\/wp\/v2\/users\/1"}],"replies":[{"embeddable":true,"href":"https:\/\/botschafter-menschenrechte.de\/index.php?rest_route=%2Fwp%2Fv2%2Fcomments&post=3061"}],"version-history":[{"count":6,"href":"https:\/\/botschafter-menschenrechte.de\/index.php?rest_route=\/wp\/v2\/posts\/3061\/revisions"}],"predecessor-version":[{"id":3072,"href":"https:\/\/botschafter-menschenrechte.de\/index.php?rest_route=\/wp\/v2\/posts\/3061\/revisions\/3072"}],"wp:featuredmedia":[{"embeddable":true,"href":"https:\/\/botschafter-menschenrechte.de\/index.php?rest_route=\/wp\/v2\/media\/2421"}],"wp:attachment":[{"href":"https:\/\/botschafter-menschenrechte.de\/index.php?rest_route=%2Fwp%2Fv2%2Fmedia&parent=3061"}],"wp:term":[{"taxonomy":"category","embeddable":true,"href":"https:\/\/botschafter-menschenrechte.de\/index.php?rest_route=%2Fwp%2Fv2%2Fcategories&post=3061"},{"taxonomy":"post_tag","embeddable":true,"href":"https:\/\/botschafter-menschenrechte.de\/index.php?rest_route=%2Fwp%2Fv2%2Ftags&post=3061"}],"curies":[{"name":"wp","href":"https:\/\/api.w.org\/{rel}","templated":true}]}}