{"id":3073,"date":"2023-08-03T10:43:27","date_gmt":"2023-08-03T10:43:27","guid":{"rendered":"http:\/\/botschafter-menschenrechte.de\/?p=3073"},"modified":"2023-08-03T10:43:27","modified_gmt":"2023-08-03T10:43:27","slug":"nachruf","status":"publish","type":"post","link":"https:\/\/botschafter-menschenrechte.de\/?p=3073","title":{"rendered":"Nachruf"},"content":{"rendered":"\n<h1 class=\"wp-block-heading\"><strong>NACHRUF<\/strong><\/h1>\n\n\n\n<p><strong>Vladimiro Roca Ant\u00fanez \u2013 Sozialdemokrat, politischer Gefangener und entschiedener Gegner des Castrismus&nbsp;<\/strong><\/p>\n\n\n\n<p><strong>Kubas Sozialdemokraten und demokratische Oppositionelle trauern um Vladimiro Roca Ant\u00fanez.&nbsp; Der am 30. Juli 2023 in Havanna verstorbene Politologe, Wirtschaftspolitiker und in der Sowjetunion ausgebildeter Kampfpilot, wurde am 21. Dezember 1942 in Havanna geboren. Sein Vater, der kubanische Marxist Blas Roca Calderio, war Mitbegr\u00fcnders und herausragender F\u00fchrer der kommunistischen Partei Kubas.&nbsp;<\/strong><\/p>\n\n\n\n<p>Im Jahr 1987 schloss Vladimiro Roca sein Studium am Institut f\u00fcr internationale Beziehungen als Spezialist f\u00fcr internationale Wirtschaftsbeziehungen ab. Ab Juni 1990 begann er, sich \u00f6ffentlich gegen das Castro-Regime zu positionieren. Seine Kritik an der verfehlten Wirtschaftspolitik f\u00fchrte im&nbsp; Jahr 1992 zur Entlassung aus seinem damaligen Regierungsamt. Im Jahr 1996 geh\u00f6rte er zu den Gr\u00fcndern der Sozialdemokratischen Partei Kubas und war deren Sprecher.<\/p>\n\n\n\n<figure class=\"wp-block-image size-full\"><img loading=\"lazy\" decoding=\"async\" width=\"615\" height=\"937\" src=\"http:\/\/botschafter-menschenrechte.de\/wp-content\/uploads\/2023\/08\/042855b3-1daf-4a59-a97a-b1e1237fafec.jpg\" alt=\"\" class=\"wp-image-3074\" srcset=\"https:\/\/botschafter-menschenrechte.de\/wp-content\/uploads\/2023\/08\/042855b3-1daf-4a59-a97a-b1e1237fafec.jpg 615w, https:\/\/botschafter-menschenrechte.de\/wp-content\/uploads\/2023\/08\/042855b3-1daf-4a59-a97a-b1e1237fafec-197x300.jpg 197w\" sizes=\"auto, (max-width: 615px) 100vw, 615px\" \/><figcaption class=\"wp-element-caption\"><strong>Vladimiro Roca<\/strong><\/figcaption><\/figure>\n\n\n\n<p>1997 gr\u00fcndete er zusammen mit dem afrokubanischen Ingenieur Professor F\u00e9lix Antonio Bonne Carcass\u00e9s (verstorben im Jahr 2000), der Wirtschaftswissenschaftlerin Martha Beatriz Roque Cabello und dem Rechtsanwalt Rene Gomez Monzano die regimekritische \u201eArbeitsgruppe zur Untersuchung der sozio\u00f6konomischen Situation Kubas\u201c (in der Presse als &#8222;Gruppe der Vier&#8220; bekannt). Gemeinsam forderten freie Wahlen und demokratische Reformen. Gemeinsam ver\u00f6ffentlichten die vier Oppositionellen verschiedene Erkl\u00e4rungen, von denen das wichtigste das Manifest &#8222;La Patria es de Todos&#8220; (&#8222;Das Vaterland geh\u00f6rt allen&#8220;) war.<\/p>\n\n\n\n<p>Einige Wochen nach der Ver\u00f6ffentlichung dieses Dokuments wurden die vier Mitglieder der Gruppe vom kommunistischen Staatssicherheitsdienst verhaftet und anschlie\u00dfend&nbsp; in einem unfairen Prozess abgeurteilt. Roca Ant\u00fanez erhielt die l\u00e4ngste Strafe von allen und war von 1997 bis 2002 in politischer Gefangenschaft.&nbsp;<\/p>\n\n\n\n<p>Vladimiro Roca Ant\u00fanez wurde von Amnesty International und anderen angesehenen Menschenrechtsorganisationen zum &#8222;Gewissensgefangenen&#8220; erkl\u00e4rt. Jahre sp\u00e4ter erkannte die Interamerikanische Kommission f\u00fcr Menschenrechte die Verantwortung des kubanischen Staates f\u00fcr die Verletzung der Rechte auf Meinungs- und Vereinigungsfreiheit der vier Mitglieder der Gruppe an.<\/p>\n\n\n\n<p>Im Jahr 2004 nahm Vladimiro als Sprecher der kubanischen Sozialdemokraten am 36. Kongress der Sozialistischen Arbeiterpartei Spaniens teil, zu dem er eingeladen wurde. Seine Hoffnung auf Unterst\u00fctzung f\u00fcr eine sozialdemokratische Partei auf Kuba wurde von Europas sozialdemokratischen und sozialistischen Parteien nicht erf\u00fcllt. Vor allem die deutsche SPD war nicht daran interessiert, die alleinregierenden kubanischen Kommunisten in Frage zu stellen.<\/p>\n\n\n\n<p>Im Juni 2020 wurde er im Krankenhaus behandelt, nachdem er einen Schlaganfall erlitten hatte. Danach lebte er aufgrund seines fortgeschrittenen Alters und seines schlechten Gesundheitszustands zur\u00fcckgezogen zu Hause. Vladimiro Roca Ant\u00fanez, ein gro\u00dfer kubanischer Patriot und mutiger antikommunistischer und pro-demokratischer Aktivist, starb am 30. Juli 2023 im Alter von 80 Jahren in Havanna.<\/p>\n","protected":false},"excerpt":{"rendered":"<p>NACHRUF Vladimiro Roca Ant\u00fanez \u2013 Sozialdemokrat, politischer Gefangener und entschiedener Gegner des Castrismus&nbsp; Kubas Sozialdemokraten und demokratische Oppositionelle trauern um Vladimiro Roca Ant\u00fanez.&nbsp; Der am 30. Juli 2023 in Havanna verstorbene Politologe, Wirtschaftspolitiker und in der Sowjetunion ausgebildeter Kampfpilot, wurde am 21. Dezember 1942 in Havanna geboren. Sein Vater, der kubanische Marxist Blas Roca Calderio, [&hellip;]<\/p>\n","protected":false},"author":1,"featured_media":781,"comment_status":"open","ping_status":"open","sticky":false,"template":"","format":"standard","meta":{"footnotes":""},"categories":[17],"tags":[],"class_list":["post-3073","post","type-post","status-publish","format-standard","has-post-thumbnail","hentry","category-kuba"],"_links":{"self":[{"href":"https:\/\/botschafter-menschenrechte.de\/index.php?rest_route=\/wp\/v2\/posts\/3073","targetHints":{"allow":["GET"]}}],"collection":[{"href":"https:\/\/botschafter-menschenrechte.de\/index.php?rest_route=\/wp\/v2\/posts"}],"about":[{"href":"https:\/\/botschafter-menschenrechte.de\/index.php?rest_route=\/wp\/v2\/types\/post"}],"author":[{"embeddable":true,"href":"https:\/\/botschafter-menschenrechte.de\/index.php?rest_route=\/wp\/v2\/users\/1"}],"replies":[{"embeddable":true,"href":"https:\/\/botschafter-menschenrechte.de\/index.php?rest_route=%2Fwp%2Fv2%2Fcomments&post=3073"}],"version-history":[{"count":1,"href":"https:\/\/botschafter-menschenrechte.de\/index.php?rest_route=\/wp\/v2\/posts\/3073\/revisions"}],"predecessor-version":[{"id":3075,"href":"https:\/\/botschafter-menschenrechte.de\/index.php?rest_route=\/wp\/v2\/posts\/3073\/revisions\/3075"}],"wp:featuredmedia":[{"embeddable":true,"href":"https:\/\/botschafter-menschenrechte.de\/index.php?rest_route=\/wp\/v2\/media\/781"}],"wp:attachment":[{"href":"https:\/\/botschafter-menschenrechte.de\/index.php?rest_route=%2Fwp%2Fv2%2Fmedia&parent=3073"}],"wp:term":[{"taxonomy":"category","embeddable":true,"href":"https:\/\/botschafter-menschenrechte.de\/index.php?rest_route=%2Fwp%2Fv2%2Fcategories&post=3073"},{"taxonomy":"post_tag","embeddable":true,"href":"https:\/\/botschafter-menschenrechte.de\/index.php?rest_route=%2Fwp%2Fv2%2Ftags&post=3073"}],"curies":[{"name":"wp","href":"https:\/\/api.w.org\/{rel}","templated":true}]}}