{"id":3097,"date":"2023-09-02T09:11:52","date_gmt":"2023-09-02T09:11:52","guid":{"rendered":"http:\/\/botschafter-menschenrechte.de\/?p=3097"},"modified":"2023-09-02T09:11:52","modified_gmt":"2023-09-02T09:11:52","slug":"free-luis%e2%81%83-freiheit-fuer-luis-frometa-comte-und-alle-politischen-gefangenen","status":"publish","type":"post","link":"https:\/\/botschafter-menschenrechte.de\/?p=3097","title":{"rendered":"Free Luis\u2043 Freiheit f\u00fcr Luis Frometa Comte und alle politischen Gefangenen!"},"content":{"rendered":"\n<h1 class=\"wp-block-heading\">Free Luis<\/h1>\n\n\n\n<h2 class=\"wp-block-heading\">Freiheit f\u00fcr Luis Frometa Comte und alle politischen Gefangenen!<\/h2>\n\n\n\n<p>Der Ruf wird immer lauter: \u201eLuis wir vergessen Dich nicht!\u201c In Dresden, Berlin, D\u00fcsseldorf, Frankfurt und M\u00fcnchen fordern Menschenrechtsaktivisten die Freilassung des politischen Gefangenen, Luis Frometa aus kubanischer Haft.<\/p>\n\n\n\n<figure class=\"wp-block-gallery has-nested-images columns-default is-cropped wp-block-gallery-1 is-layout-flex wp-block-gallery-is-layout-flex\">\n<figure class=\"wp-block-image size-large\"><img loading=\"lazy\" decoding=\"async\" width=\"676\" height=\"1024\" data-id=\"3099\" src=\"http:\/\/botschafter-menschenrechte.de\/wp-content\/uploads\/2023\/09\/download-3.png\" alt=\"\" class=\"wp-image-3099\" srcset=\"https:\/\/botschafter-menschenrechte.de\/wp-content\/uploads\/2023\/09\/download-3.png 676w, https:\/\/botschafter-menschenrechte.de\/wp-content\/uploads\/2023\/09\/download-3-198x300.png 198w\" sizes=\"auto, (max-width: 676px) 100vw, 676px\" \/><\/figure>\n\n\n\n<figure class=\"wp-block-image size-large\"><img loading=\"lazy\" decoding=\"async\" width=\"1024\" height=\"874\" data-id=\"3100\" src=\"http:\/\/botschafter-menschenrechte.de\/wp-content\/uploads\/2023\/09\/download-4.png\" alt=\"\" class=\"wp-image-3100\" srcset=\"https:\/\/botschafter-menschenrechte.de\/wp-content\/uploads\/2023\/09\/download-4.png 1024w, https:\/\/botschafter-menschenrechte.de\/wp-content\/uploads\/2023\/09\/download-4-300x256.png 300w, https:\/\/botschafter-menschenrechte.de\/wp-content\/uploads\/2023\/09\/download-4-768x656.png 768w\" sizes=\"auto, (max-width: 1024px) 100vw, 1024px\" \/><\/figure>\n\n\n\n<figure class=\"wp-block-image size-large\"><img loading=\"lazy\" decoding=\"async\" width=\"768\" height=\"1024\" data-id=\"3109\" src=\"http:\/\/botschafter-menschenrechte.de\/wp-content\/uploads\/2023\/09\/download-5.png\" alt=\"\" class=\"wp-image-3109\" srcset=\"https:\/\/botschafter-menschenrechte.de\/wp-content\/uploads\/2023\/09\/download-5.png 768w, https:\/\/botschafter-menschenrechte.de\/wp-content\/uploads\/2023\/09\/download-5-225x300.png 225w\" sizes=\"auto, (max-width: 768px) 100vw, 768px\" \/><\/figure>\n\n\n\n<figure class=\"wp-block-image size-large\"><img loading=\"lazy\" decoding=\"async\" width=\"768\" height=\"1024\" data-id=\"3110\" src=\"http:\/\/botschafter-menschenrechte.de\/wp-content\/uploads\/2023\/09\/download-6.png\" alt=\"\" class=\"wp-image-3110\" srcset=\"https:\/\/botschafter-menschenrechte.de\/wp-content\/uploads\/2023\/09\/download-6.png 768w, https:\/\/botschafter-menschenrechte.de\/wp-content\/uploads\/2023\/09\/download-6-225x300.png 225w\" sizes=\"auto, (max-width: 768px) 100vw, 768px\" \/><\/figure>\n\n\n\n<figure class=\"wp-block-image size-large\"><img loading=\"lazy\" decoding=\"async\" width=\"768\" height=\"1024\" data-id=\"3112\" src=\"http:\/\/botschafter-menschenrechte.de\/wp-content\/uploads\/2023\/09\/download-7.png\" alt=\"\" class=\"wp-image-3112\" srcset=\"https:\/\/botschafter-menschenrechte.de\/wp-content\/uploads\/2023\/09\/download-7.png 768w, https:\/\/botschafter-menschenrechte.de\/wp-content\/uploads\/2023\/09\/download-7-225x300.png 225w\" sizes=\"auto, (max-width: 768px) 100vw, 768px\" \/><\/figure>\n\n\n\n<figure class=\"wp-block-image size-large\"><img loading=\"lazy\" decoding=\"async\" width=\"768\" height=\"1024\" data-id=\"3111\" src=\"http:\/\/botschafter-menschenrechte.de\/wp-content\/uploads\/2023\/09\/download-8.png\" alt=\"\" class=\"wp-image-3111\" srcset=\"https:\/\/botschafter-menschenrechte.de\/wp-content\/uploads\/2023\/09\/download-8.png 768w, https:\/\/botschafter-menschenrechte.de\/wp-content\/uploads\/2023\/09\/download-8-225x300.png 225w\" sizes=\"auto, (max-width: 768px) 100vw, 768px\" \/><\/figure>\n\n\n\n<figure class=\"wp-block-image size-large\"><img loading=\"lazy\" decoding=\"async\" width=\"768\" height=\"1024\" data-id=\"3101\" src=\"http:\/\/botschafter-menschenrechte.de\/wp-content\/uploads\/2023\/09\/download-9.png\" alt=\"\" class=\"wp-image-3101\" srcset=\"https:\/\/botschafter-menschenrechte.de\/wp-content\/uploads\/2023\/09\/download-9.png 768w, https:\/\/botschafter-menschenrechte.de\/wp-content\/uploads\/2023\/09\/download-9-225x300.png 225w\" sizes=\"auto, (max-width: 768px) 100vw, 768px\" \/><\/figure>\n\n\n\n<figure class=\"wp-block-image size-large\"><img loading=\"lazy\" decoding=\"async\" width=\"768\" height=\"1024\" data-id=\"3102\" src=\"http:\/\/botschafter-menschenrechte.de\/wp-content\/uploads\/2023\/09\/download-10.png\" alt=\"\" class=\"wp-image-3102\" srcset=\"https:\/\/botschafter-menschenrechte.de\/wp-content\/uploads\/2023\/09\/download-10.png 768w, https:\/\/botschafter-menschenrechte.de\/wp-content\/uploads\/2023\/09\/download-10-225x300.png 225w\" sizes=\"auto, (max-width: 768px) 100vw, 768px\" \/><\/figure>\n\n\n\n<figure class=\"wp-block-image size-large\"><img loading=\"lazy\" decoding=\"async\" width=\"768\" height=\"1024\" data-id=\"3103\" src=\"http:\/\/botschafter-menschenrechte.de\/wp-content\/uploads\/2023\/09\/download-11.png\" alt=\"\" class=\"wp-image-3103\" srcset=\"https:\/\/botschafter-menschenrechte.de\/wp-content\/uploads\/2023\/09\/download-11.png 768w, https:\/\/botschafter-menschenrechte.de\/wp-content\/uploads\/2023\/09\/download-11-225x300.png 225w\" sizes=\"auto, (max-width: 768px) 100vw, 768px\" \/><\/figure>\n\n\n\n<figure class=\"wp-block-image size-large\"><img loading=\"lazy\" decoding=\"async\" width=\"1024\" height=\"768\" data-id=\"3104\" src=\"http:\/\/botschafter-menschenrechte.de\/wp-content\/uploads\/2023\/09\/download-12.png\" alt=\"\" class=\"wp-image-3104\" srcset=\"https:\/\/botschafter-menschenrechte.de\/wp-content\/uploads\/2023\/09\/download-12.png 1024w, https:\/\/botschafter-menschenrechte.de\/wp-content\/uploads\/2023\/09\/download-12-300x225.png 300w, https:\/\/botschafter-menschenrechte.de\/wp-content\/uploads\/2023\/09\/download-12-768x576.png 768w\" sizes=\"auto, (max-width: 1024px) 100vw, 1024px\" \/><\/figure>\n\n\n\n<figure class=\"wp-block-image size-large\"><img loading=\"lazy\" decoding=\"async\" width=\"768\" height=\"1024\" data-id=\"3105\" src=\"http:\/\/botschafter-menschenrechte.de\/wp-content\/uploads\/2023\/09\/download-13.png\" alt=\"\" class=\"wp-image-3105\" srcset=\"https:\/\/botschafter-menschenrechte.de\/wp-content\/uploads\/2023\/09\/download-13.png 768w, https:\/\/botschafter-menschenrechte.de\/wp-content\/uploads\/2023\/09\/download-13-225x300.png 225w\" sizes=\"auto, (max-width: 768px) 100vw, 768px\" \/><\/figure>\n\n\n\n<figure class=\"wp-block-image size-large\"><img loading=\"lazy\" decoding=\"async\" width=\"768\" height=\"1024\" data-id=\"3106\" src=\"http:\/\/botschafter-menschenrechte.de\/wp-content\/uploads\/2023\/09\/download-14.png\" alt=\"\" class=\"wp-image-3106\" srcset=\"https:\/\/botschafter-menschenrechte.de\/wp-content\/uploads\/2023\/09\/download-14.png 768w, https:\/\/botschafter-menschenrechte.de\/wp-content\/uploads\/2023\/09\/download-14-225x300.png 225w\" sizes=\"auto, (max-width: 768px) 100vw, 768px\" \/><\/figure>\n\n\n\n<figure class=\"wp-block-image size-large\"><img loading=\"lazy\" decoding=\"async\" width=\"768\" height=\"1024\" data-id=\"3107\" src=\"http:\/\/botschafter-menschenrechte.de\/wp-content\/uploads\/2023\/09\/download-15.png\" alt=\"\" class=\"wp-image-3107\" srcset=\"https:\/\/botschafter-menschenrechte.de\/wp-content\/uploads\/2023\/09\/download-15.png 768w, https:\/\/botschafter-menschenrechte.de\/wp-content\/uploads\/2023\/09\/download-15-225x300.png 225w\" sizes=\"auto, (max-width: 768px) 100vw, 768px\" \/><\/figure>\n\n\n\n<figure class=\"wp-block-image size-large\"><img loading=\"lazy\" decoding=\"async\" width=\"768\" height=\"1024\" data-id=\"3108\" src=\"http:\/\/botschafter-menschenrechte.de\/wp-content\/uploads\/2023\/09\/download-16.png\" alt=\"\" class=\"wp-image-3108\" srcset=\"https:\/\/botschafter-menschenrechte.de\/wp-content\/uploads\/2023\/09\/download-16.png 768w, https:\/\/botschafter-menschenrechte.de\/wp-content\/uploads\/2023\/09\/download-16-225x300.png 225w\" sizes=\"auto, (max-width: 768px) 100vw, 768px\" \/><\/figure>\n<\/figure>\n\n\n\n<p>Der Dresdener Familienvater ist Opfer der kubanischen Diktatur. Als unschuldiger und friedfertiger Demokrat, hat er an den Protesten des 11. Juli 2021 in Havanna teilgenommen. Er filmte mit seinem Smartphone, wie Gewalt gegen friedliche Demonstranten ausge\u00fcbt wurde.<\/p>\n\n\n\n<figure class=\"wp-block-image size-full\"><img loading=\"lazy\" decoding=\"async\" width=\"768\" height=\"1024\" src=\"http:\/\/botschafter-menschenrechte.de\/wp-content\/uploads\/2023\/09\/download.png\" alt=\"\" class=\"wp-image-3114\" srcset=\"https:\/\/botschafter-menschenrechte.de\/wp-content\/uploads\/2023\/09\/download.png 768w, https:\/\/botschafter-menschenrechte.de\/wp-content\/uploads\/2023\/09\/download-225x300.png 225w\" sizes=\"auto, (max-width: 768px) 100vw, 768px\" \/><\/figure>\n\n\n\n<p>Solche Bilder will die kubanische Diktatur auf keinen Fall an die \u00d6ffentlichkeit gelangen lassen. Die Angst vor dem Bekanntwerdem der Wahrheit bestimmt die Politik der alleinregierenden kommunistischen Partei. Deshalb werden systematisch Menschen die das Schweigen brechen verfolgt, verhaftet, isoliert, in unfairen Gerichtsverfahren abgeurteilt, gefoltert und als Langzeitgefangene weggesperrt.<\/p>\n\n\n\n<p>Aber in Deutschland berichteten und berichten weiterhin zahlreiche Medien. Der Dresdener Bundestagsabgeordnete Lars Rohwer wird nicht m\u00fcde f\u00fcr die bedingungslose Freilassung von Luis Frometa zu fordern.<\/p>\n\n\n\n<figure class=\"wp-block-image size-full\"><img loading=\"lazy\" decoding=\"async\" width=\"1024\" height=\"768\" src=\"http:\/\/botschafter-menschenrechte.de\/wp-content\/uploads\/2023\/09\/download-2.png\" alt=\"\" class=\"wp-image-3113\" srcset=\"https:\/\/botschafter-menschenrechte.de\/wp-content\/uploads\/2023\/09\/download-2.png 1024w, https:\/\/botschafter-menschenrechte.de\/wp-content\/uploads\/2023\/09\/download-2-300x225.png 300w, https:\/\/botschafter-menschenrechte.de\/wp-content\/uploads\/2023\/09\/download-2-768x576.png 768w\" sizes=\"auto, (max-width: 1024px) 100vw, 1024px\" \/><\/figure>\n\n\n\n<p>Auch Bundespr\u00e4sident Frank-Walter Steinmeier setzt sich f\u00fcr die Freilassung von Luis ein. Botschafter f\u00fcr Menschenrechte fordert alle Gutmeinenden und Aktiven zu einem Zeichen der Solidarit\u00e4t auf: \u201eLuis wir vergessen Dich nicht!\u201c Das L-Zeichen sagt \u201eLibertad! Freiheit f\u00fcr Luis! Freiheit f\u00fcr alle politischen Gefangenen!\u201c<\/p>\n\n\n\n<p>Plakate und Aufkleber \u201eFree Luis\u201c k\u00f6nnen via Email bestellt werden bei: <\/p>\n\n\n\n<p>info@botschafter-menschenrechte.de<\/p>\n","protected":false},"excerpt":{"rendered":"<p>Free Luis Freiheit f\u00fcr Luis Frometa Comte und alle politischen Gefangenen! Der Ruf wird immer lauter: \u201eLuis wir vergessen Dich nicht!\u201c In Dresden, Berlin, D\u00fcsseldorf, Frankfurt und M\u00fcnchen fordern Menschenrechtsaktivisten die Freilassung des politischen Gefangenen, Luis Frometa aus kubanischer Haft. Der Dresdener Familienvater ist Opfer der kubanischen Diktatur. Als unschuldiger und friedfertiger Demokrat, hat er [&hellip;]<\/p>\n","protected":false},"author":1,"featured_media":3098,"comment_status":"open","ping_status":"open","sticky":false,"template":"","format":"standard","meta":{"footnotes":""},"categories":[17],"tags":[],"class_list":["post-3097","post","type-post","status-publish","format-standard","has-post-thumbnail","hentry","category-kuba"],"_links":{"self":[{"href":"https:\/\/botschafter-menschenrechte.de\/index.php?rest_route=\/wp\/v2\/posts\/3097","targetHints":{"allow":["GET"]}}],"collection":[{"href":"https:\/\/botschafter-menschenrechte.de\/index.php?rest_route=\/wp\/v2\/posts"}],"about":[{"href":"https:\/\/botschafter-menschenrechte.de\/index.php?rest_route=\/wp\/v2\/types\/post"}],"author":[{"embeddable":true,"href":"https:\/\/botschafter-menschenrechte.de\/index.php?rest_route=\/wp\/v2\/users\/1"}],"replies":[{"embeddable":true,"href":"https:\/\/botschafter-menschenrechte.de\/index.php?rest_route=%2Fwp%2Fv2%2Fcomments&post=3097"}],"version-history":[{"count":2,"href":"https:\/\/botschafter-menschenrechte.de\/index.php?rest_route=\/wp\/v2\/posts\/3097\/revisions"}],"predecessor-version":[{"id":3116,"href":"https:\/\/botschafter-menschenrechte.de\/index.php?rest_route=\/wp\/v2\/posts\/3097\/revisions\/3116"}],"wp:featuredmedia":[{"embeddable":true,"href":"https:\/\/botschafter-menschenrechte.de\/index.php?rest_route=\/wp\/v2\/media\/3098"}],"wp:attachment":[{"href":"https:\/\/botschafter-menschenrechte.de\/index.php?rest_route=%2Fwp%2Fv2%2Fmedia&parent=3097"}],"wp:term":[{"taxonomy":"category","embeddable":true,"href":"https:\/\/botschafter-menschenrechte.de\/index.php?rest_route=%2Fwp%2Fv2%2Fcategories&post=3097"},{"taxonomy":"post_tag","embeddable":true,"href":"https:\/\/botschafter-menschenrechte.de\/index.php?rest_route=%2Fwp%2Fv2%2Ftags&post=3097"}],"curies":[{"name":"wp","href":"https:\/\/api.w.org\/{rel}","templated":true}]}}