{"id":3161,"date":"2023-09-28T13:23:00","date_gmt":"2023-09-28T13:23:00","guid":{"rendered":"http:\/\/botschafter-menschenrechte.de\/?p=3161"},"modified":"2023-09-28T13:23:00","modified_gmt":"2023-09-28T13:23:00","slug":"diskriminiert-kriminalisiert-und-ohne-rechte-das-leiden-der-kopten-in-aegypten","status":"publish","type":"post","link":"https:\/\/botschafter-menschenrechte.de\/?p=3161","title":{"rendered":"Diskriminiert, kriminalisiert und ohne Rechte \u2013 Das Leiden der Kopten in \u00c4gypten"},"content":{"rendered":"\n<p><strong>Interview:&nbsp;<\/strong><\/p>\n\n\n\n<h2 class=\"wp-block-heading\"><strong>Diskriminiert, kriminalisiert und ohne Rechte \u2013 Das Leiden der Kopten in \u00c4gypten<\/strong><\/h2>\n\n\n\n<p><strong>Wir sprachen mit Medhat Klada. Der koptische B\u00fcrgerrechtler engagierte sich seit 2012 beider in der Schweiz ans\u00e4ssigen Nichtregierungsorganisation \u201eMiddle East Human Rights\u201c\u00a0 und weltweit gegen Menschenrechtsverletzungen in \u00c4gypten. Im Jahr 2019 wurde Medhat Klada als \u201eBotschafter f\u00fcr Menschenrechte\u201c ausgezeichnet. Seit 2016 wirkt er als Pr\u00e4sident der internationalen Nichtregierungsorganisation EUCOHR<em>.<\/em> EUCHOR ist in zahlreichen Staaten der Europ\u00e4ischen Union mit Gruppen und Mitgliedern vertreten.<\/strong><\/p>\n\n\n\n<figure class=\"wp-block-image size-full is-resized\"><img loading=\"lazy\" decoding=\"async\" src=\"http:\/\/botschafter-menschenrechte.de\/wp-content\/uploads\/2023\/09\/Screenshot-2023-09-28-at-15.19.48.png\" alt=\"\" class=\"wp-image-3163\" style=\"width:212px;height:259px\" width=\"212\" height=\"259\" srcset=\"https:\/\/botschafter-menschenrechte.de\/wp-content\/uploads\/2023\/09\/Screenshot-2023-09-28-at-15.19.48.png 674w, https:\/\/botschafter-menschenrechte.de\/wp-content\/uploads\/2023\/09\/Screenshot-2023-09-28-at-15.19.48-246x300.png 246w\" sizes=\"auto, (max-width: 212px) 100vw, 212px\" \/><figcaption class=\"wp-element-caption\">European Coptic Leader Medhat Klada <br>(Quelle:\u00a0Mayadeen TV (Lebanon))<\/figcaption><\/figure>\n\n\n\n<p><em>Wie gro\u00df ist die Zahl der Christen in \u00c4gypten?&nbsp;<\/em><\/p>\n\n\n\n<p><strong>Klada:<\/strong> Wie viele Kopten es gibt, ist ein Politikum! Entgegen der offiziellen, staatlichen Angaben betr\u00e4gt die Zahl der Christen in \u00c4gypten zwischen 25 und 30 Millionen. Weitere 2,5 bis 3 Millionen Kopten leben im Ausland. Dies sind die korrekten&nbsp;Zahlen, an der sich die Beteiligung und die Mitwirkungsrechte f\u00fcr Kopten orientieren m\u00fcssten. Leider sind die Kopten aber tats\u00e4chlich im \u00e4gyptischen Staat, in Bildungseinrichtungen, Polizei und Milit\u00e4r extrem unterrepr\u00e4sentiert. Die systematische Darstellung geringerer Bev\u00f6lkerungsanteile der Kopten beg\u00fcnstigt ihre dauerhafte Zur\u00fccksetzung in Staat und Gesellschaft.&nbsp;<\/p>\n\n\n\n<p>Leider werden von Seite des \u00e4gyptischen Staates viele Kopten nicht oder falsch registriert. Deshalb sind die Kirchenregister die einzig richtige Messlatte. In ihnen werden wesentlich mehr Kopten erfasst, als in den Statistiken der staatlichen Beh\u00f6rden.&nbsp;<\/p>\n\n\n\n<p><em>In den vergangenen drei Jahren wurde nur noch wenig \u00fcber Menschenrechtsverletzungen an der koptischen Minderheit berichtet.&nbsp;<\/em><\/p>\n\n\n\n<p><strong>Klada:<\/strong> Die Kopten haben vergeblich auf Verbesserungen gewartet. Aber leider leiden die Kopten weiterhin oder sogar mehr. Die gewaltsamen \u00dcbergriffe auf Kopten werden immer heftiger.<\/p>\n\n\n\n<p><em>Was hat sich dann ge\u00e4ndert, die Wahrnehmung oder die Realit\u00e4ten ?<\/em><\/p>\n\n\n\n<p><strong>Klada:<\/strong> Die Realit\u00e4ten sind geblieben. Die staatlich kontrollierten Medien berichten aber nicht dar\u00fcber. Eher hat sich die Situation der Christen in \u00c4gypten noch verschlechtert. Die Opfer geh\u00f6ren unterschiedlichen christlichen Kirchen an, aber sie alle werden von muslimischen Fanatikern verfolgt und diskriminiert, weil sie Christen sind.<\/p>\n\n\n\n<p><em>Wie hat sich ihre menschenrechtliche Lage in \u00c4gypten in den letzten Jahren entwickelt?<\/em><\/p>\n\n\n\n<p><strong>Klada:<\/strong> Leider ist die Lage der Menschenrechte schlimmer geworden. Die Salafisten haben so viel macht und in \u00e4gyptischen Parlamenten auch und El Azhar spielt Gr\u00fcsse Rolle gegen koptische&nbsp;<\/p>\n\n\n\n<p>\u00a0\u201eDie Salafisten, Al-Azhar und die Muslimbruderschaft vereinbaren gemeinsam die Verfolgung der Kopten \u201e<\/p>\n\n\n\n<figure class=\"wp-block-image size-full\"><img loading=\"lazy\" decoding=\"async\" width=\"639\" height=\"357\" src=\"http:\/\/botschafter-menschenrechte.de\/wp-content\/uploads\/2023\/09\/image001.jpg\" alt=\"\" class=\"wp-image-3162\" srcset=\"https:\/\/botschafter-menschenrechte.de\/wp-content\/uploads\/2023\/09\/image001.jpg 639w, https:\/\/botschafter-menschenrechte.de\/wp-content\/uploads\/2023\/09\/image001-300x168.jpg 300w\" sizes=\"auto, (max-width: 639px) 100vw, 639px\" \/><figcaption class=\"wp-element-caption\">Islamisten rufen in Kairo zu Gewalt gegen Kopten auf; Bild aus einem Doh-Video von 2017: \u201eAb morgen schie\u00dfen wir scharf!\u201c Fernsehmitschnitte aufgebrachter Kopten sollen Stimmung machen und das Klima vergiften. Die Textzeile und sogar der Stra\u00dfenname sind vom IS unkenntlich gemacht. Ort und Umst\u00e4nde verschiedener Proteste sind daher nicht nachvollziehbar. (Quelle:\u00a0Mayadeen TV (Lebanon))<\/figcaption><\/figure>\n\n\n\n<p><em>Werden koptische Menschenrechtsaktivisten vom \u00e4gyptischen Staat gesch\u00fctzt?<\/em><\/p>\n\n\n\n<p><strong>Klada:<\/strong> Leider nicht, sie werden verfolgt und von Polizei und Gerichten unfair behandelt. &nbsp;Die nationale \u00e4gyptische Sicherheitsbeh\u00f6rde verfolgt koptische Aktivisten! Die \u00e4gyptische Justiz ist korrupt sowie unfair und leitet diskriminierende Urteile aus dem islamischen Recht ab. Dies ist nicht mit den Menschenrechten vereinbar.<\/p>\n\n\n\n<p><em>Wer sind diese koptischen Aktivisten? Gibt es Organisationen zur Selbsthilfe?<\/em><\/p>\n\n\n\n<p><strong>Klada: <\/strong>Es handelt sich zum Beispiel um Studenten, denen wahrheitswidrig unterstellt wird, sie h\u00e4tten gegen des Islam agitiert. Seht der Vorwurf der Blasphemie erst einmal \u00f6ffentlich im Raum, muss mit dem Schlimmsten gerechnet werden. Sehr schnell kommt es zu Gewalthandlungen, wie im Fall des Studenten Molah Atif. Der evangelisch-reformierte Student Noor wurde entf\u00fchrt und 18 Monate lang ohne Anklage eingesperrt, weil er die Diskriminierung von Christen kritisiert. Er lebt mit der st\u00e4ndigen Bedrohung gewaltsamer \u00dcbergriffe durch Fanatiker. Er hat keinerlei Schutz durch den \u00e4gyptischen Staat.<\/p>\n\n\n\n<p>Bereits davor wurde der koptische B\u00fcrgerrechtler Ramy Kamil, weil er juristisch und \u00f6ffentlich f\u00fcr die koptische Minderheit eingetreten war. Ramy Kamil ist Gr\u00fcndungsmitglied und Koordinator der Menschenrechtsgruppe \u201eMaspero Youth Union\u201c, die sich f\u00fcr die Religionsfreiheit der koptisch-othodoxen Minderheiten in \u00c4qypten einsetzt. Er gr\u00fcndete die Menschenrechtsgruppe in der Folge des Massakers vom Masperoplatz im Oktober 2011, als \u00e4gyptische Soldaten zwei Dutzend friedliche Demonstranten t\u00f6teten, die gegen die Zerst\u00f6rung einer Kirche in Ober\u00e4gypten protestierten.<\/p>\n\n\n\n<p><em>Haben Kopten in \u00c4gypten eine faire Chance am politischen und gesellschaftlichen Leben gestaltend mitzuwirken?<\/em><\/p>\n\n\n\n<p><strong>Klada:<\/strong> Leider nein. Die falsche Darstellung des koptischen Bev\u00f6lkerungsanteils ist dabei bei weitem nicht die einzige Ursache. &nbsp;Wesentlich ist die verbreitete herrschende Meinung durch Medien und die Bildungspolitik. In den Augen der muslimischen Mehrheit sind Kopten eine potenzielle Gefahr und minderwertig. Die Kopten sind gesellschaftlich diskreditiert. Da die Staatsf\u00fchrung radikalen Salafisten Schutz gew\u00e4hrt, schweben Christen in st\u00e4ndiger Gefahr Opfer von Gewalt zu werden, ohne dass die T\u00e4ter bestraft werden.<\/p>\n\n\n\n<p><em>K\u00f6nnen Sie daf\u00fcr Beispiele nennen?<\/em><\/p>\n\n\n\n<p><strong>Klada<\/strong><\/p>\n\n\n\n<p><em>Welche Rolle spielen Universit\u00e4ten und Schulen?<\/em><\/p>\n\n\n\n<p><strong>Klada:<\/strong> Leider wird die Al-Azhar-Universit\u00e4t in \u00c4gypten mit 26 Milliarden \u00e4gyptischen Pfund aus staatlichen Mitteln finanziert, auch den Steuern von Kopten. Den Kopten ist es untersagt, an renommierten muslimischen Hochschulen zu studieren, obwohl diese Universit\u00e4ten auch aus ihren Steuergeldern finanziert werden. Die Al-Azhar-Universit\u00e4t graduiert Hunderttausende von muslimischen Fundamentalisten, die Intoleranz oder sogar Hass gegen Kopten verbreiten und die auch in die Staatsanwaltschaft, die Justiz und die Polizei berufen werden. Sie alle diskriminieren Kopten und verbreiten zivilisatorische R\u00fcckst\u00e4ndigkeit, verbunden mit Extremismus in ganz \u00c4gypten.&nbsp;<\/p>\n\n\n\n<p><em>Wollen immer noch viele Kopten das Land verlassen?<\/em><\/p>\n\n\n\n<p><strong>Klada:<\/strong> Weiterhin wollen vielen Kopten \u00c4gypten verlassen. Sie werden dabei aber sogar von muslimischen Konsularmitarbeitern westlicher Staaten behindert. Wir sch\u00e4tzen, dass in den vergangenen zehn Jahren \u00fcber 200.000 Kopten \u00c4gypten verlassen haben. Das Zikel der meisten von Ihnen ist Kanada, Australien, die USA oder Westeuropa.<\/p>\n\n\n\n<p><em>Wie ist Eure Arbeit organisiert?&nbsp;<\/em><\/p>\n\n\n\n<p><strong>Klada:<\/strong> Wer f\u00fcr die Menschentrechte der Kopten eintreten m\u00f6chte, kann bei uns mitarbeiten. Die Situation der Kopten muss vielen Menschen bewusst werden und wir freuen uns \u00fcber jede Unterst\u00fctzung! Wir haben wir gute Beziehungen zu europ\u00e4ischen Abgeordneten, Menschenrechtsorganisationen und aufgeschlossenen Medien. Durch diese k\u00f6nnen wir gegen die Menschenrechtsverletzungen an&nbsp;Kopten vorgehen und \u00d6ffentlichkeit herstellen. Das ist der beste Weg f\u00fcr eine Verbesserung der Lage in \u00c4gypten.<\/p>\n","protected":false},"excerpt":{"rendered":"<p>Interview:&nbsp; Diskriminiert, kriminalisiert und ohne Rechte \u2013 Das Leiden der Kopten in \u00c4gypten Wir sprachen mit Medhat Klada. Der koptische B\u00fcrgerrechtler engagierte sich seit 2012 beider in der Schweiz ans\u00e4ssigen Nichtregierungsorganisation \u201eMiddle East Human Rights\u201c\u00a0 und weltweit gegen Menschenrechtsverletzungen in \u00c4gypten. Im Jahr 2019 wurde Medhat Klada als \u201eBotschafter f\u00fcr Menschenrechte\u201c ausgezeichnet. Seit 2016 wirkt [&hellip;]<\/p>\n","protected":false},"author":1,"featured_media":3162,"comment_status":"open","ping_status":"open","sticky":false,"template":"","format":"standard","meta":{"footnotes":""},"categories":[20,1],"tags":[],"class_list":["post-3161","post","type-post","status-publish","format-standard","has-post-thumbnail","hentry","category-aegypten","category-uncategorized"],"_links":{"self":[{"href":"https:\/\/botschafter-menschenrechte.de\/index.php?rest_route=\/wp\/v2\/posts\/3161","targetHints":{"allow":["GET"]}}],"collection":[{"href":"https:\/\/botschafter-menschenrechte.de\/index.php?rest_route=\/wp\/v2\/posts"}],"about":[{"href":"https:\/\/botschafter-menschenrechte.de\/index.php?rest_route=\/wp\/v2\/types\/post"}],"author":[{"embeddable":true,"href":"https:\/\/botschafter-menschenrechte.de\/index.php?rest_route=\/wp\/v2\/users\/1"}],"replies":[{"embeddable":true,"href":"https:\/\/botschafter-menschenrechte.de\/index.php?rest_route=%2Fwp%2Fv2%2Fcomments&post=3161"}],"version-history":[{"count":2,"href":"https:\/\/botschafter-menschenrechte.de\/index.php?rest_route=\/wp\/v2\/posts\/3161\/revisions"}],"predecessor-version":[{"id":3165,"href":"https:\/\/botschafter-menschenrechte.de\/index.php?rest_route=\/wp\/v2\/posts\/3161\/revisions\/3165"}],"wp:featuredmedia":[{"embeddable":true,"href":"https:\/\/botschafter-menschenrechte.de\/index.php?rest_route=\/wp\/v2\/media\/3162"}],"wp:attachment":[{"href":"https:\/\/botschafter-menschenrechte.de\/index.php?rest_route=%2Fwp%2Fv2%2Fmedia&parent=3161"}],"wp:term":[{"taxonomy":"category","embeddable":true,"href":"https:\/\/botschafter-menschenrechte.de\/index.php?rest_route=%2Fwp%2Fv2%2Fcategories&post=3161"},{"taxonomy":"post_tag","embeddable":true,"href":"https:\/\/botschafter-menschenrechte.de\/index.php?rest_route=%2Fwp%2Fv2%2Ftags&post=3161"}],"curies":[{"name":"wp","href":"https:\/\/api.w.org\/{rel}","templated":true}]}}