{"id":3213,"date":"2023-11-24T12:49:27","date_gmt":"2023-11-24T12:49:27","guid":{"rendered":"http:\/\/botschafter-menschenrechte.de\/?p=3213"},"modified":"2023-11-24T14:53:42","modified_gmt":"2023-11-24T14:53:42","slug":"hamas-sind-muslimbrueder","status":"publish","type":"post","link":"https:\/\/botschafter-menschenrechte.de\/?p=3213","title":{"rendered":"Hamas sind Muslimbr\u00fcder"},"content":{"rendered":"\n<h2 class=\"wp-block-heading\"><strong>Hamas sind Muslimbr\u00fcder<\/strong><\/h2>\n\n\n\n<h3 class=\"wp-block-heading\"><strong>Islamistisch, gewaltbereit und Werkzeug des Iran<\/strong><\/h3>\n\n\n\n<p>Seit ihrer Gr\u00fcndung im Gazastreifen bekennt sich die islamistische Hamas-Organisation sowohl dazu, gewaltsam den Staat Israel vernichten zu wollen, als auch dazu eine innerpal\u00e4stinensische F\u00fchrungsrolle zu \u00fcbernehmen. Ihr politischer Arm hat erfolgreich an Wahlen teilgenommen, w\u00e4hrend der milit\u00e4rische Arm zugleich die Terrorkarte ausgespielt hat. Unter den arabischen Pal\u00e4stinensern ist die Hamas-Organisation das wichtigste Gegengewicht zur Fatah-Bewegung bzw. zur PLO (Pal\u00e4stinensische Befreiungsfront).<\/p>\n\n\n\n<p><strong>Geheime politische und milit\u00e4rische Strukturen<\/strong><\/p>\n\n\n\n<p>Die Hamas hatte in ihrer Zeit im Untergrund unter israelischer Besatzung eine mehrschichtige, teilweise geheime Struktur aufgebaut. Offen und sichtbar waren von Anfang an ihre sozialen Einrichtungen in und rund um die Moscheen der Islamistenbewegung. Auch deren politische F\u00fchrung, von den israelischen Besatzern weitgehend geduldet, gab sich teilweise \u00f6ffentlich zu erkennen. Darunter waren auch Mitglieder des Hamas-Politb\u00fcros, von denen ein Teil stets aus dem Ausland agierte.<\/p>\n\n\n\n<p>Streng geheim blieb immer die Besetzung der Schura, des Rats der Hamas, die periodisch die Angeh\u00f6rigen des Politb\u00fcros ernennt. Eine Geheimstruktur zeichnete von Beginn an auch den bewaffneten Arm der Hamas aus. Er formierte sich 1986 und gab sich 1992 \u00f6ffentlich den Namen\u00a0<a href=\"https:\/\/taz.de\/Pro-Palaestina-Demos-weltweit\/!5772473\/\">\u201e<\/a>Brigaden des M\u00e4rtyrers Iz ed-Din al-Qassam\u201c, benannt nach einem syrischen Nationalisten, der sich dem Widerstand der Pal\u00e4stinenser gegen die britischen Mandatsherren in Pal\u00e4stina angeschlossen hatte und 1935 im Gefecht mit britischen Soldaten starb.<\/p>\n\n\n\n<p>Um die Vernichtung des Staates Israel zu erreichen, setzte Hamas von Beginn an auf Selbstmordanschl\u00e4ge. Die Politik der Anschl\u00e4ge wurde durch Raketenangriffe und Kommandoaktionen ausgeweitet und abgel\u00f6st. Mitte Juni 2007 rissen die Islamisten im Gazastreifen, ihrem Stammgebiet, die Macht an sich und konnten nun zumindest dort die Umsetzung ihrer Vision von einer \u201eislamischen Herrschaft \u00fcber Pal\u00e4stina\u201c in Angriff nehmen. Israel antwortete mit einer Blockade zu Land und zur See, die bis heute besteht.<\/p>\n\n\n\n<p>Diese Blockade konnte zuk\u00fcnftigen Terror nicht verhindern. Im Gegenteil, Hamas und andere, ebenfalls aus dem Ausland finanzierte islamistische Terrororganisationen im Gazastreifen konnten, getarnt von Krankenh\u00e4usern, Kinderg\u00e4rten und Schulen, ihre Raketen und sonstiges Waffenarsenal in einem riesigen Tunnelsystem verbergen, ihre K\u00e4mpfer ausbilden und den 7. Oktober akribisch vorbereiten. Das Tunnelsystem diente aber auch dem Schmuggel aus \u00c4gypten, an dem auch Muslimbr\u00fcder aus \u00c4gypten beteiligt waren.&nbsp;<\/p>\n\n\n\n<p><strong>Klada: Hamas und andere Muslimbr\u00fcder wollen islamischen Gottesstaat<\/strong><\/p>\n\n\n\n<p>Medhad Klada, Pr\u00e4sident der koptischen Menschenrechtsgesellschaft EUCHOR erkl\u00e4rt: \u201eHamas hat alle Zivilisten in Gaza als Geiseln oder Schutzschild genommen. Hamas und andere Muslimbr\u00fcder wollen eine panislamische Herrschaft, einen islamischen Gottesstaat. Sie wollen den \u00e4gyptischen Nationalstaat und andere Nationalstaaten \u00fcberwinden und tr\u00e4umen von einem grenz\u00fcberschreitenden Kalifat.&nbsp;<\/p>\n\n\n\n<figure class=\"wp-block-image size-full is-resized\"><img loading=\"lazy\" decoding=\"async\" src=\"http:\/\/botschafter-menschenrechte.de\/wp-content\/uploads\/2023\/09\/Screenshot-2023-09-28-at-15.19.48.png\" alt=\"\" class=\"wp-image-3163\" style=\"width:439px;height:535px\" width=\"439\" height=\"535\" srcset=\"https:\/\/botschafter-menschenrechte.de\/wp-content\/uploads\/2023\/09\/Screenshot-2023-09-28-at-15.19.48.png 674w, https:\/\/botschafter-menschenrechte.de\/wp-content\/uploads\/2023\/09\/Screenshot-2023-09-28-at-15.19.48-246x300.png 246w\" sizes=\"auto, (max-width: 439px) 100vw, 439px\" \/><figcaption class=\"wp-element-caption\">Medhat Klada ist Pr\u00e4sident der koptischen<br>Menschenrechtsorganisation EUCHOR.<br>(Quelle:&nbsp;Mayadeen TV (Lebanon)<\/figcaption><\/figure>\n\n\n\n<p>Hamas ist ein Ableger der Muslimbr\u00fcder. Beide sehen auch in den westlichen Demokratien und ihrer Kultur eine milit\u00e4rische, politische und moralische Bedrohung. Israel gilt ihnen dabei als westlicher Vorposten und Besatzer, der geschlagen werden muss. Dabei schwingt auch mit, dass die Muslimbr\u00fcder 1928 als antikolonialistische Bewegung gegen die britische Herrschaft in \u00c4gypten gegr\u00fcndet wurden.\u201c<\/p>\n\n\n\n<p>Die Organisation Hamas ist in Deutschland und zahlreichen europ\u00e4ischen und arabischen L\u00e4ndern durch Zweigvereine vertreten. In der T\u00fcrkei unterh\u00e4lt sie seit einigen Jahren mehrere Trainingslager, in welchen bereits Djihadisten ausgebildet wurden, welches von dem HAMAS-Funktion\u00e4r Saleh Muhammad Suleiman al-Arouri koordiniert wird und in dem bereits Djihadisten ausgebildet wurden.<\/p>\n\n\n\n<p>Lange Zeit beteiligten sich in Deutschland ans\u00e4ssige Personen und Vereine an der Beschaffung von Geldern f\u00fcr Hamas Projekte. Offen geworben wurde zun\u00e4chst nur f\u00fcr solche Ziele, die als Sozialprojekte vermittelbar waren. Sp\u00e4ter lag der Schwerpunkt bei propagandistischen Aktionen.&nbsp;<\/p>\n\n\n\n<p>Medhad Klada kritisiert: \u201eDie \u00f6ffentlichen Auftritte von HAMAS-Aktivisten in Deutschland und Europa nach dem 7. Oktober haben gezeigt, wie gut das Netz der Islamisten ist. Sie erfahren in der Mitte Europas nicht nur Unterst\u00fctzung von Moslembr\u00fcdern, sondern auch von IS-Unterst\u00fctzern, Salafisten, Hisbollah-Anh\u00e4ngern und Linksextremisten. HAMAS und die Muslimbr\u00fcder sind keine antikoloniale Organisation, sondern eine panislamistische Gefahr f\u00fcr den Weltfrieden.\u201c<\/p>\n","protected":false},"excerpt":{"rendered":"<p>Hamas sind Muslimbr\u00fcder Islamistisch, gewaltbereit und Werkzeug des Iran Seit ihrer Gr\u00fcndung im Gazastreifen bekennt sich die islamistische Hamas-Organisation sowohl dazu, gewaltsam den Staat Israel vernichten zu wollen, als auch dazu eine innerpal\u00e4stinensische F\u00fchrungsrolle zu \u00fcbernehmen. Ihr politischer Arm hat erfolgreich an Wahlen teilgenommen, w\u00e4hrend der milit\u00e4rische Arm zugleich die Terrorkarte ausgespielt hat. Unter den [&hellip;]<\/p>\n","protected":false},"author":1,"featured_media":3214,"comment_status":"open","ping_status":"open","sticky":false,"template":"","format":"standard","meta":{"footnotes":""},"categories":[20],"tags":[],"class_list":["post-3213","post","type-post","status-publish","format-standard","has-post-thumbnail","hentry","category-aegypten"],"_links":{"self":[{"href":"https:\/\/botschafter-menschenrechte.de\/index.php?rest_route=\/wp\/v2\/posts\/3213","targetHints":{"allow":["GET"]}}],"collection":[{"href":"https:\/\/botschafter-menschenrechte.de\/index.php?rest_route=\/wp\/v2\/posts"}],"about":[{"href":"https:\/\/botschafter-menschenrechte.de\/index.php?rest_route=\/wp\/v2\/types\/post"}],"author":[{"embeddable":true,"href":"https:\/\/botschafter-menschenrechte.de\/index.php?rest_route=\/wp\/v2\/users\/1"}],"replies":[{"embeddable":true,"href":"https:\/\/botschafter-menschenrechte.de\/index.php?rest_route=%2Fwp%2Fv2%2Fcomments&post=3213"}],"version-history":[{"count":4,"href":"https:\/\/botschafter-menschenrechte.de\/index.php?rest_route=\/wp\/v2\/posts\/3213\/revisions"}],"predecessor-version":[{"id":3226,"href":"https:\/\/botschafter-menschenrechte.de\/index.php?rest_route=\/wp\/v2\/posts\/3213\/revisions\/3226"}],"wp:featuredmedia":[{"embeddable":true,"href":"https:\/\/botschafter-menschenrechte.de\/index.php?rest_route=\/wp\/v2\/media\/3214"}],"wp:attachment":[{"href":"https:\/\/botschafter-menschenrechte.de\/index.php?rest_route=%2Fwp%2Fv2%2Fmedia&parent=3213"}],"wp:term":[{"taxonomy":"category","embeddable":true,"href":"https:\/\/botschafter-menschenrechte.de\/index.php?rest_route=%2Fwp%2Fv2%2Fcategories&post=3213"},{"taxonomy":"post_tag","embeddable":true,"href":"https:\/\/botschafter-menschenrechte.de\/index.php?rest_route=%2Fwp%2Fv2%2Ftags&post=3213"}],"curies":[{"name":"wp","href":"https:\/\/api.w.org\/{rel}","templated":true}]}}