{"id":3227,"date":"2023-12-04T13:09:47","date_gmt":"2023-12-04T13:09:47","guid":{"rendered":"http:\/\/botschafter-menschenrechte.de\/?p=3227"},"modified":"2023-12-04T13:12:52","modified_gmt":"2023-12-04T13:12:52","slug":"menschenrechtsinstitut-fordert-mehr-einsatz-fuer-inklusion-und-selbstbestimmung-von-menschen-mit-behinderungen","status":"publish","type":"post","link":"https:\/\/botschafter-menschenrechte.de\/?p=3227","title":{"rendered":"Menschenrechtsinstitut fordert mehr Einsatz f\u00fcr Inklusion und Selbstbestimmung von Menschen mit Behinderungen"},"content":{"rendered":"\n<h5 class=\"wp-block-heading\"><strong>Internationaler Tag der Menschen mit Behinderungen<\/strong><\/h5>\n\n\n\n<h2 class=\"wp-block-heading\">Menschenrechtsinstitut fordert mehr Einsatz f\u00fcr Inklusion und Selbstbestimmung von Menschen mit Behinderungen<\/h2>\n\n\n\n<p>Anl\u00e4sslich des Internationalen Tags der Menschen mit Behinderungen am 3. Dezember kritisiert das Deutsche Institut f\u00fcr Menschenrechte die halbherzige Umsetzung der UN-Behindertenrechtskonvention in Deutschland. Es fordert Bund, L\u00e4nder und Kommunen auf, sich entschlossener als bislang f\u00fcr die Inklusion und Selbstbestimmung von Menschen mit Behinderungen einzusetzen.<\/p>\n\n\n\n<p>\u201eIn Deutschland fehlt die Bereitschaft, die Vorgaben der UN-Behindertenrechtskonvention konsequent umzusetzen. Tradierte Sondereinrichtungen in den Bereichen Wohnen, Bildung und Arbeit m\u00fcssen endlich schrittweise abgebaut und mehr inklusive Angebote gemacht werden, damit Menschen mit Behinderungen selbstbestimmt und gemeinsam mit anderen am gesellschaftlichen Leben teilhaben k\u00f6nnen\u201c, fordert Britta Schlegel, Leiterin der Monitoring-Stelle UN-Behindertenrechtskonvention des Instituts. Derzeit sei das Leben vieler Menschen mit Behinderungen au\u00dferdem durch einen eklatanten Mangel an Barrierefreiheit gepr\u00e4gt, beispielsweise beim Zugang zu Kultur- und Freizeitangeboten oder auf dem Wohnungsmarkt.<\/p>\n\n\n\n<p>Kritik kommt auch von internationaler Seite: In seinen im Oktober 2023 ver\u00f6ffentlichten \u201eAbschlie\u00dfenden Bemerkungen\u201c kritisiert der UN-Ausschuss f\u00fcr die Rechte von Menschen mit Behinderungen die mangelhafte Umsetzung der UN-Behindertenrechtskonvention in Deutschland und fordert Deutschland mit Nachdruck auf, Sondereinrichtungen f\u00fcr Menschen mit Behinderungen abzubauen. Er mahnt au\u00dferdem den Aufbau eines inklusiven Gesundheitswesens an \u2013 mit fl\u00e4chendeckender Barrierefreiheit sowie Aus- und Fortbildungen von medizinischem Personal zu den Bedarfen und den grundlegenden Rechten von Menschen mit Behinderungen, insbesondere dem Selbstbestimmungsrecht.<\/p>\n\n\n\n<figure class=\"wp-block-image size-large\"><img decoding=\"async\" src=\"http:\/\/botschafter-menschenrechte.de\/wp-content\/uploads\/2023\/12\/csm_bezahlen_Flohmarkt_c_iStock.comSolStock_a014283719-1024x683.webp\" alt=\"\" class=\"wp-image-3228\"\/><figcaption class=\"wp-element-caption\">\u00a9&nbsp;iStock.com\/SolStock<\/figcaption><\/figure>\n\n\n\n<p>Die derzeitige Erarbeitung eines \u201eAktionsplans f\u00fcr ein diverses, inklusives und barrierefreies Gesundheitswesen\u201c durch das Bundesgesundheitsministerium ist f\u00fcr Schlegel dabei ein wichtiger Schritt. \u201eDass Bundesgesundheitsminister Lauterbauch den Beteiligungsprozess selbst er\u00f6ffnet hat, stimmt uns optimistisch\u201c, so Schlegel. Aus menschenrechtlicher Sicht gehe es nun darum, den Diskriminierungsschutz und die Selbstbestimmung von Menschen mit Behinderungen im Gesundheitswesen sicherzustellen, damit diese eine barrierefreie Versorgung vorfinden und gut informiert und selbstbestimmt \u00fcber medizinische Behandlungen entscheiden k\u00f6nnen. An der Entwicklung des Aktionsplans m\u00fcssten Menschen mit Behinderungen als Experten in eigener Sache durchgehend und bei jedem Schritt beteiligt werden.<\/p>\n\n\n\n<p>Zum <a href=\"https:\/\/www.institut-fuer-menschenrechte.de\/aktuelles\/detail\/menschenrechtsinstitut-fordert-mehr-einsatz-fuer-inklusion-und-selbstbestimmung-von-menschen-mit-behinderungen\">Original-Beitrag<\/a> auf <a href=\"https:\/\/www.institut-fuer-menschenrechte.de\/\">institut-fuer-menschenrechte.de<\/a><\/p>\n\n\n\n<p><\/p>\n","protected":false},"excerpt":{"rendered":"<p>Internationaler Tag der Menschen mit Behinderungen Menschenrechtsinstitut fordert mehr Einsatz f\u00fcr Inklusion und Selbstbestimmung von Menschen mit Behinderungen Anl\u00e4sslich des Internationalen Tags der Menschen mit Behinderungen am 3. Dezember kritisiert das Deutsche Institut f\u00fcr Menschenrechte die halbherzige Umsetzung der UN-Behindertenrechtskonvention in Deutschland. Es fordert Bund, L\u00e4nder und Kommunen auf, sich entschlossener als bislang f\u00fcr die [&hellip;]<\/p>\n","protected":false},"author":1,"featured_media":3228,"comment_status":"open","ping_status":"open","sticky":false,"template":"","format":"standard","meta":{"footnotes":""},"categories":[46],"tags":[],"class_list":["post-3227","post","type-post","status-publish","format-standard","has-post-thumbnail","hentry","category-nachrichten"],"_links":{"self":[{"href":"https:\/\/botschafter-menschenrechte.de\/index.php?rest_route=\/wp\/v2\/posts\/3227","targetHints":{"allow":["GET"]}}],"collection":[{"href":"https:\/\/botschafter-menschenrechte.de\/index.php?rest_route=\/wp\/v2\/posts"}],"about":[{"href":"https:\/\/botschafter-menschenrechte.de\/index.php?rest_route=\/wp\/v2\/types\/post"}],"author":[{"embeddable":true,"href":"https:\/\/botschafter-menschenrechte.de\/index.php?rest_route=\/wp\/v2\/users\/1"}],"replies":[{"embeddable":true,"href":"https:\/\/botschafter-menschenrechte.de\/index.php?rest_route=%2Fwp%2Fv2%2Fcomments&post=3227"}],"version-history":[{"count":3,"href":"https:\/\/botschafter-menschenrechte.de\/index.php?rest_route=\/wp\/v2\/posts\/3227\/revisions"}],"predecessor-version":[{"id":3239,"href":"https:\/\/botschafter-menschenrechte.de\/index.php?rest_route=\/wp\/v2\/posts\/3227\/revisions\/3239"}],"wp:featuredmedia":[{"embeddable":true,"href":"https:\/\/botschafter-menschenrechte.de\/index.php?rest_route=\/wp\/v2\/media\/3228"}],"wp:attachment":[{"href":"https:\/\/botschafter-menschenrechte.de\/index.php?rest_route=%2Fwp%2Fv2%2Fmedia&parent=3227"}],"wp:term":[{"taxonomy":"category","embeddable":true,"href":"https:\/\/botschafter-menschenrechte.de\/index.php?rest_route=%2Fwp%2Fv2%2Fcategories&post=3227"},{"taxonomy":"post_tag","embeddable":true,"href":"https:\/\/botschafter-menschenrechte.de\/index.php?rest_route=%2Fwp%2Fv2%2Ftags&post=3227"}],"curies":[{"name":"wp","href":"https:\/\/api.w.org\/{rel}","templated":true}]}}