{"id":3254,"date":"2023-12-13T08:53:28","date_gmt":"2023-12-13T08:53:28","guid":{"rendered":"http:\/\/botschafter-menschenrechte.de\/?p=3254"},"modified":"2023-12-13T08:53:28","modified_gmt":"2023-12-13T08:53:28","slug":"mahnung-im-einsatz-fuer-religioes-verfolgte-nicht-nachlassen","status":"publish","type":"post","link":"https:\/\/botschafter-menschenrechte.de\/?p=3254","title":{"rendered":"Mahnung: Im Einsatz f\u00fcr religi\u00f6s Verfolgte nicht nachlassen"},"content":{"rendered":"\n<h1 class=\"wp-block-heading\">Mahnung: <br>Im Einsatz f\u00fcr religi\u00f6s Verfolgte nicht nachlassen<\/h1>\n\n\n\n<figure class=\"wp-block-image size-full\"><img loading=\"lazy\" decoding=\"async\" width=\"953\" height=\"526\" src=\"http:\/\/botschafter-menschenrechte.de\/wp-content\/uploads\/2023\/12\/csm_jahrbuecher_religionsfreiheit_christenverfolgung_2023_870_irff23_02196519f6.jpeg\" alt=\"\" class=\"wp-image-3255\" srcset=\"https:\/\/botschafter-menschenrechte.de\/wp-content\/uploads\/2023\/12\/csm_jahrbuecher_religionsfreiheit_christenverfolgung_2023_870_irff23_02196519f6.jpeg 953w, https:\/\/botschafter-menschenrechte.de\/wp-content\/uploads\/2023\/12\/csm_jahrbuecher_religionsfreiheit_christenverfolgung_2023_870_irff23_02196519f6-300x166.jpeg 300w, https:\/\/botschafter-menschenrechte.de\/wp-content\/uploads\/2023\/12\/csm_jahrbuecher_religionsfreiheit_christenverfolgung_2023_870_irff23_02196519f6-768x424.jpeg 768w\" sizes=\"auto, (max-width: 953px) 100vw, 953px\" \/><figcaption class=\"wp-element-caption\">Die Jahrb\u00fccher \u201eReligionsfreiheit\u201c und \u201eVerfolgung und Diskriminierung von Christen\u201c. <br>Grafiken: www.iirf.global<\/figcaption><\/figure>\n\n\n\n<p>Berlin (IDEA) \u2013 Zum Einsatz f\u00fcr religi\u00f6s Verfolgte haben Politiker und Menschenrechtsexperten am 11. Dezember in Berlin aufgerufen. Anlass war die Ver\u00f6ffentlichung der Jahrb\u00fccher \u201eReligionsfreiheit\u201c und \u201eVerfolgung und Diskriminierung von Christen\u201c. Sie werden herausgegeben f\u00fcr die Evangelischen Allianzen in Deutschland, \u00d6sterreich und der Schweiz sowie f\u00fcr das Internationale Institut f\u00fcr Religionsfreiheit und die Internationale Gesellschaft f\u00fcr Menschenrechte (IGFM).<\/p>\n\n\n\n<p>Zu den Autoren des Jahrbuchs \u201eReligionsfreiheit\u201c geh\u00f6rt der Beauftragte der Bundesregierung f\u00fcr Religions- und Weltanschauungsfreiheit, Frank Schwabe (SPD). Nach seinen Angaben sind Christen als gr\u00f6\u00dfte Glaubensgemeinschaft weltweit besonders von der Verletzung der Religionsfreiheit betroffen. \u201eNirgends d\u00fcrfen wir in unserem Einsatz nachlassen, wie aktuelle Beispiele etwa aus Indien, China oder Nigeria zeigen.\u201c<\/p>\n\n\n\n<p>Der Einsatz f\u00fcr Religionsfreiheit d\u00fcrfe sich aber nicht nur auf gro\u00dfe Religionsgemeinschaften erstrecken wie Christen und Muslime, wenn diese diskriminiert werden. So komme es darauf an, auch die Spiritualit\u00e4t der indigenen V\u00f6lker als neues, wichtiges Thema der Religionsfreiheit zu sehen.<\/p>\n\n\n\n<p>Der Sprecher der CDU\/CSU-Bundestagsfraktion f\u00fcr Menschenrechte und humanit\u00e4re Hilfe, Michael Brand, erkl\u00e4rte: \u201eWir stehen inmitten einer neuen \u00c4ra, in der die Verfolgung und teils Vernichtung von Andersgl\u00e4ubigen oder auch Nicht-Gl\u00e4ubigen von repressiven Akteuren immer massiver wird.\u201c<\/p>\n\n\n\n<p>Als Beispiel nannte er die Volksrepublik China. Der Generalsekret\u00e4r der Weltweiten Evangelischen Allianz und Pr\u00e4sident der IGFM, Prof. Thomas Schirrmacher (Bonn), forderte angesichts wachsender Judenfeindlichkeit in Deutschland: \u201eWenn H\u00e4user, in denen Juden leben, gekennzeichnet werden und auf unseren Stra\u00dfen religi\u00f6s motivierter Hass verbreitet wird, muss der Staat mit \u00e4u\u00dferster Entschiedenheit gegen die T\u00e4ter vorgehen.\u201c<\/p>\n\n\n\n<p>Schirrmacher ist federf\u00fchrender Herausgeber der Jahrb\u00fccher. Der Pr\u00e4sident der Deutsch-Israelischen Gesellschaft, Volker Beck (Berlin), bedauerte, dass es angesichts der Anfeindungen gegen j\u00fcdisches Leben an Unterst\u00fctzung aus der Bev\u00f6lkerung mangelt: \u201eDie Solidarit\u00e4t auf den Stra\u00dfen f\u00e4llt eher ausbauf\u00e4hig aus.\u201c<\/p>\n\n\n\n<h4 class=\"wp-block-heading\">Regime deuten Religionsfreiheit um<\/h4>\n\n\n\n<p>Der Professor f\u00fcr Menschenrechte und Menschenrechtspolitik an der Universit\u00e4t Erlangen-N\u00fcrnberg, Heiner Bielefeldt, wies darauf hin, dass autorit\u00e4re Regime die Religionsfreiheit f\u00fcr ihre Zwecke umdeuteten. Ein krasses Beispiel sei der Versuch von Staaten wie Pakistan, \u00c4gypten, Russland oder Malaysia, \u201edrakonischen Blasphemiegesetzen eine vordergr\u00fcndige menschenrechtssemantische Deckung zu verleihen\u201c.<\/p>\n\n\n\n<p>Die Konsequenz sei, dass \u201eeine ins Autorit\u00e4re verbogene Religionsfreiheit dabei systematisch zum Antipoden von Meinungsfreiheit, Kunstfreiheit und anderen diskursiven Freiheitsrechten ger\u00e4t\u201c. Auch f\u00fcr \u201ekonservative religi\u00f6s konnotierte traditionelle Familienwerte\u201c werde die Religionsfreiheit aufgegriffen \u2013 \u201eoft mit polemischer Sto\u00dfrichtung gegen emanzipatorische Forderungen in Richtung Gender-Gerechtigkeit\u201c.<\/p>\n\n\n\n<p>Ideologisch tonangebend sei dabei Russland, \u201edas mit R\u00fcckendeckung der russisch-orthodoxen Kirche die Religionsfreiheit gleichsam zum Anti-Menschenrecht gegen eine vermeintlich dekadente Liberalit\u00e4t aufbauen m\u00f6chte und damit den Universalismus der Menschenrechte im Ganzen bedroht\u201c.<\/p>\n\n\n\n<h4 class=\"wp-block-heading\">Was \u201eMarkenzeichen deutscher Au\u00dfenpolitik\u201c sein muss<\/h4>\n\n\n\n<p>Der Mitherausgeber des Jahrbuchs \u201eReligionsfreiheit\u201c, Martin Lessenthin (Waldsolms\/Mittelhessen), erkl\u00e4rte, \u201eMarkenzeichen deutscher Au\u00dfenpolitik\u201c m\u00fcsse immer \u201everl\u00e4ssliches und engagiertes Eintreten f\u00fcr die Opfer von religi\u00f6ser Diskriminierung und anderen Menschenrechtsverletzungen\u201c sein.<\/p>\n\n\n\n<p>Jeder politisch Verantwortliche, der mit Deutschland ins Gespr\u00e4ch kommen oder gute Wirtschaftsbeziehungen nutzen wolle, m\u00fcsse wissen, dass er an seinem Eintreten f\u00fcr Glaubens- und Weltanschauungsfreiheit gemessen werde, so der Menschenrechtsexperte.<\/p>\n","protected":false},"excerpt":{"rendered":"<p>Mahnung: Im Einsatz f\u00fcr religi\u00f6s Verfolgte nicht nachlassen Berlin (IDEA) \u2013 Zum Einsatz f\u00fcr religi\u00f6s Verfolgte haben Politiker und Menschenrechtsexperten am 11. Dezember in Berlin aufgerufen. Anlass war die Ver\u00f6ffentlichung der Jahrb\u00fccher \u201eReligionsfreiheit\u201c und \u201eVerfolgung und Diskriminierung von Christen\u201c. Sie werden herausgegeben f\u00fcr die Evangelischen Allianzen in Deutschland, \u00d6sterreich und der Schweiz sowie f\u00fcr das [&hellip;]<\/p>\n","protected":false},"author":1,"featured_media":3255,"comment_status":"open","ping_status":"open","sticky":false,"template":"","format":"standard","meta":{"footnotes":""},"categories":[21,19],"tags":[],"class_list":["post-3254","post","type-post","status-publish","format-standard","has-post-thumbnail","hentry","category-menschenrechte","category-religionsfreiheit"],"_links":{"self":[{"href":"https:\/\/botschafter-menschenrechte.de\/index.php?rest_route=\/wp\/v2\/posts\/3254","targetHints":{"allow":["GET"]}}],"collection":[{"href":"https:\/\/botschafter-menschenrechte.de\/index.php?rest_route=\/wp\/v2\/posts"}],"about":[{"href":"https:\/\/botschafter-menschenrechte.de\/index.php?rest_route=\/wp\/v2\/types\/post"}],"author":[{"embeddable":true,"href":"https:\/\/botschafter-menschenrechte.de\/index.php?rest_route=\/wp\/v2\/users\/1"}],"replies":[{"embeddable":true,"href":"https:\/\/botschafter-menschenrechte.de\/index.php?rest_route=%2Fwp%2Fv2%2Fcomments&post=3254"}],"version-history":[{"count":2,"href":"https:\/\/botschafter-menschenrechte.de\/index.php?rest_route=\/wp\/v2\/posts\/3254\/revisions"}],"predecessor-version":[{"id":3257,"href":"https:\/\/botschafter-menschenrechte.de\/index.php?rest_route=\/wp\/v2\/posts\/3254\/revisions\/3257"}],"wp:featuredmedia":[{"embeddable":true,"href":"https:\/\/botschafter-menschenrechte.de\/index.php?rest_route=\/wp\/v2\/media\/3255"}],"wp:attachment":[{"href":"https:\/\/botschafter-menschenrechte.de\/index.php?rest_route=%2Fwp%2Fv2%2Fmedia&parent=3254"}],"wp:term":[{"taxonomy":"category","embeddable":true,"href":"https:\/\/botschafter-menschenrechte.de\/index.php?rest_route=%2Fwp%2Fv2%2Fcategories&post=3254"},{"taxonomy":"post_tag","embeddable":true,"href":"https:\/\/botschafter-menschenrechte.de\/index.php?rest_route=%2Fwp%2Fv2%2Ftags&post=3254"}],"curies":[{"name":"wp","href":"https:\/\/api.w.org\/{rel}","templated":true}]}}