{"id":3374,"date":"2024-04-11T17:25:31","date_gmt":"2024-04-11T17:25:31","guid":{"rendered":"https:\/\/botschafter-menschenrechte.de\/?p=3374"},"modified":"2024-04-11T17:33:15","modified_gmt":"2024-04-11T17:33:15","slug":"seelsorgerische-betreuung-verweigert-dresdener-familienvater-luis-frometa-ist-opfer-politischer-justiz-1000-tage-im-kubanischen-horror-gefaengnis","status":"publish","type":"post","link":"https:\/\/botschafter-menschenrechte.de\/?p=3374","title":{"rendered":"Seelsorgerische Betreuung verweigert &#8211; Dresdener Familienvater Luis Frometa ist Opfer politischer Justiz &#8211; 1000 Tage im kubanischen Horror-Gef\u00e4ngnis"},"content":{"rendered":"\n<h1 class=\"wp-block-heading\"><strong>1000 Tage im kubanischen Horror-Gef\u00e4ngnis<\/strong><\/h1>\n\n\n\n<p><strong>Dresdener Familienvater Luis Frometa ist Opfer politischer Justiz &#8211; Menschenrechtler fordern bedingungslose sofortige Freilassung<\/strong><\/p>\n\n\n\n<p><strong>Havanna\/Dresden\/Berlin &#8211; Politische Gefangene sind f\u00fcr Kuba genauso ein Markenzeichen wie Rum und karibische Sonne. Unter den \u00fcber 1100 politischen Gefangener ist ein Deutscher: Luis Frometa aus Dresden. Zusammen gesperrt mit gew\u00f6hnlichen Kriminellen wird der 61j\u00e4hrige am Freitag, dem 12. April, den 1000 Tag im ber\u00fcchtigten Hochsicherheitsgef\u00e4ngnis Combinando del Este verbringen. Luis hat zwei T\u00f6chter und eine Ehefrau, die in Dresden leben und mit Unterst\u00fctzung von Menschenrechtlern und Politikern alles versuchen, um seine Freilassung zu erreichen.<\/strong><\/p>\n\n\n\n<p>Drei Menschenrechtsorganisationen appellieren an die Bundesregierung sich deutlich f\u00fcr die Freilassung von Luis Frometa und aller politischen Gefangenen auf Kuba einzusetzen. \u201eMehr als 1100 Regimekritiker hat Kubas diktatorische F\u00fchrung mit langj\u00e4hrigen Gef\u00e4ngnisstrafen sanktioniert. Das soll Ruhe erzwingen und andere abschrecken gegen Mangelwirtschaft und Diktatur zu protestieren. Die \u00f6ffentlichen Proteste schrecken Touristen ab und das Regime braucht dringend die Einnahmen aus dem Tourismus, erkl\u00e4rt der Menschenrechtler und Kubaexperte Martin Lessenthin.<\/p>\n\n\n\n<p>Ein Deutscher als politischer Gefangener ist auch keine gelungene Einladung an deutsche Urlauber. Mit den politischen Gefangenen leiden vor allem deren Familien. Das gilt f\u00fcr die Familie Frometa ebenso wie f\u00fcr die vielen kubanischen Familien. Die von Kubas Einparteienregierung gew\u00fcnschte Ruhe tritt nicht ein. Im Gegenteil: der Widerstand gegen das Regime w\u00e4chst.<\/p>\n\n\n\n<p>Im Gef\u00e4ngnis fehlt es an Nahrungsmitteln, die hygienischen Verh\u00e4ltnisse sind katastrophal, eine medizinische Versorgung von erkrankten Gefangenen findet nicht statt. Kriminelle Gefangene misshandeln politische Gefangene. Zum Teil geschieht dies im Auftrag des Wachpersonals. Pro Monat ist nur ein Familienbesuch im Gef\u00e4ngnis erlaubt. Eine seelsorgerische Betreuung ist nicht gestattet. Sowohl bei Verh\u00f6ren durch die Stasi, in den Gerichtsverfahren, als auch im Haftvollzug verst\u00f6\u00dft Kuba gegen s\u00e4mtliche internationalen Normen.<\/p>\n\n\n\n<p>Tobias Bilz, Bischof der Evangelisch-Lutherischen Landeskirche Sachsens und Heinrich Timmerevers, Bischof von Dresden-Mei\u00dfen, haben gemeinsam die kubanische Regierung aufgefordert, geistlichen Besuch f\u00fcr Luis Frometa in Gef\u00e4ngnis zu erm\u00f6glichen. Erfolglos. Ebenso weigert sich die kubanische F\u00fchrung, Besuche in kubanischen Gef\u00e4ngnissen durch das Internationale Rote Kreuz oder andere staatsunabh\u00e4ngige Institutionen zuzulassen.<\/p>\n\n\n\n<p>W\u00e4hrend sich der Dresdener Bundestagsabgeordnete Lars Rohwer, best\u00e4ndig f\u00fcr die Gefangenen der Familie Frometa engagiert und sogar Bundespr\u00e4sident Frank Walter Steinmeier an die kubanische Regierung appellierte, Luis Frometa freizulassen, agiert die Bundesregierung eher zur\u00fcckhaltend. \u201eEs sind nun schon 1000 Tage, die unser Papa unschuldig in Haft sitzt und seiner Freiheit beraubt wird. Leider habe ich das Gef\u00fchl, dass sich die Bundesregierung nicht genug f\u00fcr die Freilassung unseres Papas einsetzt. Da erwarten wir mehr, gerade nach so einer langen Zeit\u201c, kritisiert Luis Tochter Janie Frometa Comte in Dresden.<\/p>\n\n\n\n<p>**************<\/p>\n\n\n\n<p><strong>Etappen der Gefangenschaft von Luis Frometa<\/strong><\/p>\n\n\n\n<p>Am&nbsp;<strong>12. Juli 2021wurde<\/strong>&nbsp;Luis Frometa das erste Mal verhaftet und musste eine Nacht auf Polizeistation verbringen. Dort wurde er das erste Mal geschlagen, auch auf dem Kopf. Am 17. Juli 2021 wurde er erneut festgenommen und musste dann bis zum 29. Juli im Foltergef\u00e4ngnis &#8222;100 y aldab\u00f3&#8220; einsitzen. Dort wurde er mehrfach schwer misshandelt, geschlagen bis zur Ohnmacht, seine Kopfverletzungen, wurden bis heute nicht untersucht, er klagt immer noch \u00fcber weiche Stellen am Kopf. Am 29. Juli erfolgte die Verlegung ins Hochsicherheitsgef\u00e4ngnis Combinado del Este<\/p>\n\n\n\n<p>Vom&nbsp;<strong>20. bis 23. Dezember 2021<\/strong>&nbsp;fand die Gerichtsverhandlung zusammen mit ca. 20 weiteren Gefangenen statt. Luis Frometas Schwager Aldo Delgado Romero wird in diesem Zusammenhang ebenfalls festgenommen und muss 2 Tage im Foltergef\u00e4ngnis 100 y aldab\u00f3 verbringen, weil er vor Gericht zugunsten von Luis Frometa aussagte. Anfang 2024 muss auch Aldo Delgado Romero eine 5j\u00e4hrige Freiheitsstrafe antreten.<\/p>\n\n\n\n<p>Am&nbsp;<strong>30. November 2023<\/strong>&nbsp;wurde Luis Frometa von mehreren anderen Gefangenen zusammengeschlagen. Ein Krimineller versuchte mit einer Rasierklinge die Nase abzuschneiden,<\/p>\n\n\n\n<figure class=\"wp-block-image size-large\"><img decoding=\"async\" src=\"https:\/\/botschafter-menschenrechte.de\/wp-content\/uploads\/2024\/04\/Screenshot-2024-04-11-at-19.22.14-1024x723.png\" alt=\"\" class=\"wp-image-3375\"\/><figcaption class=\"wp-element-caption\">Anl\u00e4sslich des 1000 Tages von Luis Frometas Gefangenschaft stellen Botschafter F\u00fcr Menschenrechte, Patria y Vida und MenschenDeCuba ein Plakat vor, dass die Festnahme des Dresdener Familienvaters bei seiner Festnahme vor dem Hintergrund eines touristischen Havannas zeigt.<br><\/figcaption><\/figure>\n","protected":false},"excerpt":{"rendered":"<p>1000 Tage im kubanischen Horror-Gef\u00e4ngnis Dresdener Familienvater Luis Frometa ist Opfer politischer Justiz &#8211; Menschenrechtler fordern bedingungslose sofortige Freilassung Havanna\/Dresden\/Berlin &#8211; Politische Gefangene sind f\u00fcr Kuba genauso ein Markenzeichen wie Rum und karibische Sonne. Unter den \u00fcber 1100 politischen Gefangener ist ein Deutscher: Luis Frometa aus Dresden. Zusammen gesperrt mit gew\u00f6hnlichen Kriminellen wird der 61j\u00e4hrige [&hellip;]<\/p>\n","protected":false},"author":1,"featured_media":3376,"comment_status":"open","ping_status":"open","sticky":false,"template":"","format":"standard","meta":{"footnotes":""},"categories":[17],"tags":[],"class_list":["post-3374","post","type-post","status-publish","format-standard","has-post-thumbnail","hentry","category-kuba"],"_links":{"self":[{"href":"https:\/\/botschafter-menschenrechte.de\/index.php?rest_route=\/wp\/v2\/posts\/3374","targetHints":{"allow":["GET"]}}],"collection":[{"href":"https:\/\/botschafter-menschenrechte.de\/index.php?rest_route=\/wp\/v2\/posts"}],"about":[{"href":"https:\/\/botschafter-menschenrechte.de\/index.php?rest_route=\/wp\/v2\/types\/post"}],"author":[{"embeddable":true,"href":"https:\/\/botschafter-menschenrechte.de\/index.php?rest_route=\/wp\/v2\/users\/1"}],"replies":[{"embeddable":true,"href":"https:\/\/botschafter-menschenrechte.de\/index.php?rest_route=%2Fwp%2Fv2%2Fcomments&post=3374"}],"version-history":[{"count":5,"href":"https:\/\/botschafter-menschenrechte.de\/index.php?rest_route=\/wp\/v2\/posts\/3374\/revisions"}],"predecessor-version":[{"id":3390,"href":"https:\/\/botschafter-menschenrechte.de\/index.php?rest_route=\/wp\/v2\/posts\/3374\/revisions\/3390"}],"wp:featuredmedia":[{"embeddable":true,"href":"https:\/\/botschafter-menschenrechte.de\/index.php?rest_route=\/wp\/v2\/media\/3376"}],"wp:attachment":[{"href":"https:\/\/botschafter-menschenrechte.de\/index.php?rest_route=%2Fwp%2Fv2%2Fmedia&parent=3374"}],"wp:term":[{"taxonomy":"category","embeddable":true,"href":"https:\/\/botschafter-menschenrechte.de\/index.php?rest_route=%2Fwp%2Fv2%2Fcategories&post=3374"},{"taxonomy":"post_tag","embeddable":true,"href":"https:\/\/botschafter-menschenrechte.de\/index.php?rest_route=%2Fwp%2Fv2%2Ftags&post=3374"}],"curies":[{"name":"wp","href":"https:\/\/api.w.org\/{rel}","templated":true}]}}