{"id":3429,"date":"2024-09-11T15:24:26","date_gmt":"2024-09-11T15:24:26","guid":{"rendered":"https:\/\/botschafter-menschenrechte.de\/?p=3429"},"modified":"2024-09-11T15:24:26","modified_gmt":"2024-09-11T15:24:26","slug":"fuer-kopten-eingesetztcdu-politiker-in-aegypten-drangsaliert","status":"publish","type":"post","link":"https:\/\/botschafter-menschenrechte.de\/?p=3429","title":{"rendered":"F\u00fcr Kopten eingesetzt:CDU-Politiker in \u00c4gypten drangsaliert"},"content":{"rendered":"\n<h2 class=\"wp-block-heading\">F\u00fcr Kopten eingesetzt: <\/h2>\n\n\n\n<h2 class=\"wp-block-heading\">CDU-Politiker in \u00c4gypten drangsaliert<\/h2>\n\n\n\n<p>Auf einer \u201eSchwarzen Liste\u201c des \u00e4gyptischen Geheimdienstes? Der menschenrechtspolitische Sprecher der CDU\/CSU-Fraktion im Bundestag, Michael Brand. Foto: picture alliance\/dpa\/Britta Pedersen<\/p>\n\n\n\n<p>Auf einer \u201eSchwarzen Liste\u201c des \u00e4gyptischen Geheimdienstes? Der menschenrechtspolitische Sprecher der CDU\/CSU-Fraktion im Bundestag, Michael Brand. Foto: picture alliance\/dpa\/Britta Pedersen<\/p>\n\n\n\n<p>Die \u00e4gyptischen Beh\u00f6rden haben den menschenrechtspolitischen Sprecher der CDU\/CSU-Fraktion im Bundestag, Michael Brand (Fulda), bei einem Aufenthalt mit seiner Familie in dem nordafrikanischen Land drangsaliert. Der Parlamentarier geht davon aus, dass dies ein Racheakt war, weil er sich f\u00fcr verfolgte koptische Christen engagiert.<\/p>\n\n\n\n<p>Brand wollte mit seiner Frau und den drei T\u00f6chtern im August in Hurghada am Roten Meer die Ferien verbringen. Er wurde nach eigenen Angaben bei der Passkontrolle von Sicherheitskr\u00e4ften festgesetzt, von seiner Familie getrennt und verh\u00f6rt. \u201eMeine Frau wurde zu den Koffern geschickt, unsere T\u00f6chter mussten die ganze Zeit in der prallen Sonne bei 42 Grad vor dem Flughafengeb\u00e4ude warten und wussten nicht, was mit ihren Eltern ist\u201c, sagte er der Fuldaer Zeitung. Auch beim R\u00fcckflug habe es Schikanen gegen ihn und seine Familie gegeben.<\/p>\n\n\n\n<p>Brand geht davon aus, dass er auf einer \u201eSchwarzen Liste\u201c des \u00e4gyptischen Geheimdienstes steht. Auf Facebook schrieb der Politiker, Hintergrund f\u00fcr den Vorfall seien offenbar Gespr\u00e4che im Jahr 2018 mit Regierungsvertretern in Kairo, bei denen er \u201edie Menschenrechtslage, insbesondere die dramatische Lage der Christen im direkten Gespr\u00e4ch thematisiert habe\u201c.<\/p>\n\n\n\n<p>Es gehe nicht um seine Person, sondern \u201eam Ende um die Dreistigkeit der \u00e4gyptischen Regierung und mangelnden Respekt gegen\u00fcber Deutschland. Und es geht darum, dass diejenigen, die sich wie in meinem Fall f\u00fcr Minderheiten wie die koptischen Christen in \u00c4gypten einsetzen, eingesch\u00fcchtert werden sollen.\u201c<\/p>\n\n\n\n<figure class=\"wp-block-image size-full\"><img loading=\"lazy\" decoding=\"async\" width=\"953\" height=\"526\" src=\"https:\/\/botschafter-menschenrechte.de\/wp-content\/uploads\/2024\/09\/image.png\" alt=\"\" class=\"wp-image-3431\" srcset=\"https:\/\/botschafter-menschenrechte.de\/wp-content\/uploads\/2024\/09\/image.png 953w, https:\/\/botschafter-menschenrechte.de\/wp-content\/uploads\/2024\/09\/image-300x166.png 300w, https:\/\/botschafter-menschenrechte.de\/wp-content\/uploads\/2024\/09\/image-768x424.png 768w\" sizes=\"auto, (max-width: 953px) 100vw, 953px\" \/><figcaption class=\"wp-element-caption\">Auf einer \u201eSchwarzen Liste\u201c des \u00e4gyptischen Geheimdienstes? Der menschenrechtspolitische Sprecher der CDU\/CSU-Fraktion im Bundestag, Michael Brand. Foto: picture alliance\/dpa\/Britta Pedersen<\/figcaption><\/figure>\n\n\n\n<h4 class=\"wp-block-heading\">Brand: Ich lasse mich nicht einsch\u00fcchtern<\/h4>\n\n\n\n<p>Brand k\u00fcndigte zugleich an, dieses Engagement fortzusetzen. Der Einsch\u00fcchterungsversuch werde ihn nicht stoppen. Im Blick auf den Staatsbesuch von Bundespr\u00e4sident Frank-Walter Steinmeier vom 10. bis 12. September in \u00c4gypten erkl\u00e4rte Brand: \u201eIch setze darauf, dass der Bundespr\u00e4sident sehr klarmacht, dass ein Land, das Milliarden an Unterst\u00fctzung aus Deutschland erhalten hat und immer noch bekommt, so nicht mit Vertretern Deutschlands umgehen darf.\u201c<\/p>\n\n\n\n<p>Das Ausw\u00e4rtige Amt bezeichnete das Verhalten der \u00e4gyptischen Beh\u00f6rden als nicht akzeptabel.<\/p>\n\n\n\n<h4 class=\"wp-block-heading\">Menschenrechtler: Christen sind in \u00c4gypten Menschen zweiter Klasse<\/h4>\n\n\n\n<p>Der Menschenrechtsexperte Martin Lessenthin (Waldsolms\/Mittelhessen) nannte das Vorgehen der \u00e4gyptischen Beh\u00f6rden gegen Brand und seine Familie einen Skandal. Er sei dankbar, dass sich der Politiker auch in Zukunft nicht den Mund verbieten lasse. \u201eDenn tats\u00e4chlich hat sich die Situation der koptischen Christen und anderer Christen in \u00c4gypten nicht verbessert. Christen sind dort Menschen zweiter Klasse\u201c, erkl\u00e4rte Lessenthin gegen\u00fcber der Evangelischen Nachrichtenagentur IDEA.<\/p>\n\n\n\n<p>Christliche Konvertiten m\u00fcssten mit Gef\u00e4ngnis rechnen oder sogar um ihr Leben f\u00fcrchten. Entf\u00fchrungen und Zwangsislamisierungen christlicher M\u00e4dchen sowie Brandanschl\u00e4ge von Islamisten auf H\u00e4user von Christen seien weiterhin traurige Realit\u00e4t.<\/p>\n\n\n\n<p>Statt sich um eine verbesserte Menschenrechtslage zu bem\u00fchen, versuchten die Beh\u00f6rden in \u00c4gypten, Menschenrechtsverletzungen zu verstecken und zu leugnen: \u201eDas darf Deutschland nicht zulassen.\u201c Der Politologe und Historiker Lessenthin engagiert sich als Botschafter f\u00fcr Menschenrechte.<\/p>\n\n\n\n<h4 class=\"wp-block-heading\">Koptischer Aktivist: Deutschland und EU sollen Druck aus\u00fcben<\/h4>\n\n\n\n<p>Der in der Schweiz lebende koptische Menschenrechtsaktivist Medhat Klada forderte Deutschland und die EU auf, Druck auf \u00c4gyptens Regierung aus\u00fcben. Sie m\u00fcssten weiterhin anklagen, dass Polizei und Gerichte Christen diskriminierten. So bleibe die Polizei oft bei Entf\u00fchrungen von Christinnen unt\u00e4tig.<\/p>\n\n\n\n<p>Von Januar bis Ende August 2024 wurden laut Klada bereits 102 minderj\u00e4hrige Koptinnen entf\u00fchrt. Angeh\u00f6rige, die eine Strafverfolgung fordern, w\u00fcrden sogar als Unruhestifter inhaftiert. Das m\u00fcsse auch ein Thema der feministischen deutschen Au\u00dfenpolitik sein, so Klada.<\/p>\n\n\n\n<p>Wer den Islam verlassen wolle, nehme lediglich sein elementares Menschenrecht wahr und d\u00fcrfe deswegen nicht wegen Abfalls vom Glauben angeklagt werden. Klada ist Vorsitzender von EUCOHR, dem europ\u00e4ischen Dachverband koptischer Menschenrechtsorganisationen.<\/p>\n\n\n\n<p>Zum <a href=\"https:\/\/www.idea.de\/artikel\/fuer-kopten-eingesetzt-cdu-politiker-in-aegypten-drangsaliert\">Original-Artikel<\/a> auf <a href=\"http:\/\/www.idea.de\">www.idea.de<\/a><\/p>\n\n\n\n<p><\/p>\n","protected":false},"excerpt":{"rendered":"<p>F\u00fcr Kopten eingesetzt: CDU-Politiker in \u00c4gypten drangsaliert Auf einer \u201eSchwarzen Liste\u201c des \u00e4gyptischen Geheimdienstes? Der menschenrechtspolitische Sprecher der CDU\/CSU-Fraktion im Bundestag, Michael Brand. Foto: picture alliance\/dpa\/Britta Pedersen Auf einer \u201eSchwarzen Liste\u201c des \u00e4gyptischen Geheimdienstes? Der menschenrechtspolitische Sprecher der CDU\/CSU-Fraktion im Bundestag, Michael Brand. Foto: picture alliance\/dpa\/Britta Pedersen Die \u00e4gyptischen Beh\u00f6rden haben den menschenrechtspolitischen Sprecher der [&hellip;]<\/p>\n","protected":false},"author":1,"featured_media":3431,"comment_status":"open","ping_status":"open","sticky":false,"template":"","format":"standard","meta":{"footnotes":""},"categories":[20,1],"tags":[],"class_list":["post-3429","post","type-post","status-publish","format-standard","has-post-thumbnail","hentry","category-aegypten","category-uncategorized"],"_links":{"self":[{"href":"https:\/\/botschafter-menschenrechte.de\/index.php?rest_route=\/wp\/v2\/posts\/3429","targetHints":{"allow":["GET"]}}],"collection":[{"href":"https:\/\/botschafter-menschenrechte.de\/index.php?rest_route=\/wp\/v2\/posts"}],"about":[{"href":"https:\/\/botschafter-menschenrechte.de\/index.php?rest_route=\/wp\/v2\/types\/post"}],"author":[{"embeddable":true,"href":"https:\/\/botschafter-menschenrechte.de\/index.php?rest_route=\/wp\/v2\/users\/1"}],"replies":[{"embeddable":true,"href":"https:\/\/botschafter-menschenrechte.de\/index.php?rest_route=%2Fwp%2Fv2%2Fcomments&post=3429"}],"version-history":[{"count":4,"href":"https:\/\/botschafter-menschenrechte.de\/index.php?rest_route=\/wp\/v2\/posts\/3429\/revisions"}],"predecessor-version":[{"id":3435,"href":"https:\/\/botschafter-menschenrechte.de\/index.php?rest_route=\/wp\/v2\/posts\/3429\/revisions\/3435"}],"wp:featuredmedia":[{"embeddable":true,"href":"https:\/\/botschafter-menschenrechte.de\/index.php?rest_route=\/wp\/v2\/media\/3431"}],"wp:attachment":[{"href":"https:\/\/botschafter-menschenrechte.de\/index.php?rest_route=%2Fwp%2Fv2%2Fmedia&parent=3429"}],"wp:term":[{"taxonomy":"category","embeddable":true,"href":"https:\/\/botschafter-menschenrechte.de\/index.php?rest_route=%2Fwp%2Fv2%2Fcategories&post=3429"},{"taxonomy":"post_tag","embeddable":true,"href":"https:\/\/botschafter-menschenrechte.de\/index.php?rest_route=%2Fwp%2Fv2%2Ftags&post=3429"}],"curies":[{"name":"wp","href":"https:\/\/api.w.org\/{rel}","templated":true}]}}