{"id":3462,"date":"2024-11-06T17:13:30","date_gmt":"2024-11-06T17:13:30","guid":{"rendered":"https:\/\/botschafter-menschenrechte.de\/?p=3462"},"modified":"2024-11-07T13:25:16","modified_gmt":"2024-11-07T13:25:16","slug":"von-der-sonne-verwoehnt-vom-eigenen-staat-gefoltert","status":"publish","type":"post","link":"https:\/\/botschafter-menschenrechte.de\/?p=3462","title":{"rendered":"Von der Sonne verw\u00f6hnt &#8211; vom eigenen Staat gefoltert"},"content":{"rendered":"\n<h2 class=\"wp-block-heading\"><strong>Von der Sonne verw\u00f6hnt &#8211; vom eigenen Staat gefoltert<\/strong><br><\/h2>\n\n\n\n<h4 class=\"wp-block-heading\">Diktatur Kuba: BfM kl\u00e4rt auf und l\u00e4dt ein zum <br><strong><em>Netzwerken f\u00fcr Menschenw\u00fcrde und Menschenrechte<\/em><\/strong><\/h4>\n\n\n\n<p>Wollen auch Sie sich f\u00fcr die politischen Gefangenen und andere Opfer von Menschenrechtsverletzungen im \u201eFerienparadies\u201c Kuba einsetzen? Helfen Sie mit, den Urlaubern die Wahrheit \u00fcber das Leben der Kubaner zu berichten. Werden Sie Netzwerker(in) f\u00fcr Menschenrechte! BfM bietet daf\u00fcr Flyer, Postkarten, Poster und Sticker an, die helfen die Propagandal\u00fcgen der kubanischen Milit\u00e4rdiktatur zu entlarven.<br>So leisten Sie einen Beitrag f\u00fcr die Unterdr\u00fcckten und helfen, dass die unschuldig Gefangenen nicht in Vergessenheit geraten. Mit diesen Materialien machen Sie f\u00fcr jeden schnell und auf einfache Art deutlich, dass die Devisen der Urlauber in erster Linie Kubas Milit\u00e4rdiktatur unterst\u00fctzen!<br><br>Begrenzte Mengen geben wir gerne zum Weiterverteilen kostenlos ab, Sie zahlen lediglich Porto und Verpackung f\u00fcr den Versand.<br><\/p>\n\n\n\n<figure class=\"wp-block-image size-full\"><img loading=\"lazy\" decoding=\"async\" width=\"914\" height=\"390\" src=\"https:\/\/botschafter-menschenrechte.de\/wp-content\/uploads\/2024\/11\/Bild_Flyer-1.jpg\" alt=\"\" class=\"wp-image-3466\" srcset=\"https:\/\/botschafter-menschenrechte.de\/wp-content\/uploads\/2024\/11\/Bild_Flyer-1.jpg 914w, https:\/\/botschafter-menschenrechte.de\/wp-content\/uploads\/2024\/11\/Bild_Flyer-1-300x128.jpg 300w, https:\/\/botschafter-menschenrechte.de\/wp-content\/uploads\/2024\/11\/Bild_Flyer-1-768x328.jpg 768w\" sizes=\"auto, (max-width: 914px) 100vw, 914px\" \/><\/figure>\n\n\n\n<div style=\"height:100px\" aria-hidden=\"true\" class=\"wp-block-spacer\"><\/div>\n\n\n\n<ul class=\"wp-block-list\">\n<li><strong>Flyer<\/strong>, <br>Format 9,8 x 21 cm:<br>(Abgabemengen: bis 50 Exemplare)<br><\/li>\n\n\n\n<li><strong>Postkarte<\/strong>, <br>Format 14,8 x 10,5 cm:<br>\u201eVon der Sonne verw\u00f6hnt\u2026\u201c<br>(Abgabemenge: bis 5 Exemplare)<br><\/li>\n\n\n\n<li><strong>Poster<\/strong>, <br>Format 42 x 49,5 cm:<br>(nach Absprache!)<br><\/li>\n\n\n\n<li><strong>Aufkleber<\/strong> Free Luis, <br>Format 3,5 x 10,5 cm:<br>(Abgabe bis 10 Exemplare)<br><\/li>\n\n\n\n<li><strong>Aufkleber <\/strong>Free Aldo, <br>Format 3,5 x 10,5 cm:<br>(Abgabe bis 10 Exemplare)<br><\/li>\n\n\n\n<li><strong>Aufkleber<\/strong> \u201eKuba \u2013 Von der Sonne verw\u00f6hnt \u2026\u201c,<br>Format 3,5 x 10,5 cm:<br>(Abgabe bis 10 Exemplare)<\/li>\n<\/ul>\n\n\n\n<div style=\"height:57px\" aria-hidden=\"true\" class=\"wp-block-spacer\"><\/div>\n\n\n\n<div class=\"wp-block-buttons is-layout-flex wp-block-buttons-is-layout-flex\">\n<div class=\"wp-block-button\" id=\"https:\/\/botschafter-menschenrechte.de\/?p=3454\"><a class=\"wp-block-button__link wp-element-button\" href=\"https:\/\/botschafter-menschenrechte.de\/?p=3454\">Sie k\u00f6nnen hier online anfragen. <\/a><\/div>\n<\/div>\n\n\n\n<div style=\"height:54px\" aria-hidden=\"true\" class=\"wp-block-spacer\"><\/div>\n\n\n\n<p>Zur Zeit betr\u00e4gt das Porto f\u00fcr eine Warensendung mit der Deutschen Post 2,55 \u20ac. F\u00fcr Verpackung und Porto bitten wir Sie daher um insgesamt 3 \u20ac. Bitte verwenden Sie hierf\u00fcr unser Formular, um uns Ihre W\u00fcnsche mitzuteilen oder schreiben Sie an: <a href=\"mailto:info@Botschafter-Menschenrechte.de\">info@Botschafter-Menschenrechte.de<\/a>.<br><br>**********<br><strong>BfM<br>\u2043 Netzwerken f\u00fcr Menschenw\u00fcrde und Menschenrechte<\/strong><br>**********<br><\/p>\n\n\n\n<p><\/p>\n\n\n\n<p><\/p>\n","protected":false},"excerpt":{"rendered":"<p>Von der Sonne verw\u00f6hnt &#8211; vom eigenen Staat gefoltert Diktatur Kuba: BfM kl\u00e4rt auf und l\u00e4dt ein zum Netzwerken f\u00fcr Menschenw\u00fcrde und Menschenrechte Wollen auch Sie sich f\u00fcr die politischen Gefangenen und andere Opfer von Menschenrechtsverletzungen im \u201eFerienparadies\u201c Kuba einsetzen? Helfen Sie mit, den Urlaubern die Wahrheit \u00fcber das Leben der Kubaner zu berichten. Werden [&hellip;]<\/p>\n","protected":false},"author":1,"featured_media":3473,"comment_status":"open","ping_status":"open","sticky":false,"template":"","format":"standard","meta":{"footnotes":""},"categories":[17,1],"tags":[],"class_list":["post-3462","post","type-post","status-publish","format-standard","has-post-thumbnail","hentry","category-kuba","category-uncategorized"],"_links":{"self":[{"href":"https:\/\/botschafter-menschenrechte.de\/index.php?rest_route=\/wp\/v2\/posts\/3462","targetHints":{"allow":["GET"]}}],"collection":[{"href":"https:\/\/botschafter-menschenrechte.de\/index.php?rest_route=\/wp\/v2\/posts"}],"about":[{"href":"https:\/\/botschafter-menschenrechte.de\/index.php?rest_route=\/wp\/v2\/types\/post"}],"author":[{"embeddable":true,"href":"https:\/\/botschafter-menschenrechte.de\/index.php?rest_route=\/wp\/v2\/users\/1"}],"replies":[{"embeddable":true,"href":"https:\/\/botschafter-menschenrechte.de\/index.php?rest_route=%2Fwp%2Fv2%2Fcomments&post=3462"}],"version-history":[{"count":10,"href":"https:\/\/botschafter-menschenrechte.de\/index.php?rest_route=\/wp\/v2\/posts\/3462\/revisions"}],"predecessor-version":[{"id":3490,"href":"https:\/\/botschafter-menschenrechte.de\/index.php?rest_route=\/wp\/v2\/posts\/3462\/revisions\/3490"}],"wp:featuredmedia":[{"embeddable":true,"href":"https:\/\/botschafter-menschenrechte.de\/index.php?rest_route=\/wp\/v2\/media\/3473"}],"wp:attachment":[{"href":"https:\/\/botschafter-menschenrechte.de\/index.php?rest_route=%2Fwp%2Fv2%2Fmedia&parent=3462"}],"wp:term":[{"taxonomy":"category","embeddable":true,"href":"https:\/\/botschafter-menschenrechte.de\/index.php?rest_route=%2Fwp%2Fv2%2Fcategories&post=3462"},{"taxonomy":"post_tag","embeddable":true,"href":"https:\/\/botschafter-menschenrechte.de\/index.php?rest_route=%2Fwp%2Fv2%2Ftags&post=3462"}],"curies":[{"name":"wp","href":"https:\/\/api.w.org\/{rel}","templated":true}]}}