{"id":3501,"date":"2024-11-13T07:40:08","date_gmt":"2024-11-13T07:40:08","guid":{"rendered":"https:\/\/botschafter-menschenrechte.de\/?p=3501"},"modified":"2024-11-13T07:42:48","modified_gmt":"2024-11-13T07:42:48","slug":"bfm-empfiehlt-montagskonferenz-zu-kuba-tourismus","status":"publish","type":"post","link":"https:\/\/botschafter-menschenrechte.de\/?p=3501","title":{"rendered":"BfM empfiehlt: Montagskonferenz zu Kuba Tourismus"},"content":{"rendered":"\n<figure class=\"wp-block-image size-large is-resized\"><img loading=\"lazy\" decoding=\"async\" width=\"1024\" height=\"1024\" src=\"http:\/\/botschafter-menschenrechte.de\/wp-content\/uploads\/2020\/08\/cropped-cropped-cropped-Logo_BotschafterFuerMenschenrechte_BfM-1-e1596631633889-1-1024x1024.png\" alt=\"\" class=\"wp-image-833\" style=\"width:178px;height:auto\" srcset=\"https:\/\/botschafter-menschenrechte.de\/wp-content\/uploads\/2020\/08\/cropped-cropped-cropped-Logo_BotschafterFuerMenschenrechte_BfM-1-e1596631633889-1-1024x1024.png 1024w, https:\/\/botschafter-menschenrechte.de\/wp-content\/uploads\/2020\/08\/cropped-cropped-cropped-Logo_BotschafterFuerMenschenrechte_BfM-1-e1596631633889-1-300x300.png 300w, https:\/\/botschafter-menschenrechte.de\/wp-content\/uploads\/2020\/08\/cropped-cropped-cropped-Logo_BotschafterFuerMenschenrechte_BfM-1-e1596631633889-1-150x150.png 150w, https:\/\/botschafter-menschenrechte.de\/wp-content\/uploads\/2020\/08\/cropped-cropped-cropped-Logo_BotschafterFuerMenschenrechte_BfM-1-e1596631633889-1-768x768.png 768w, https:\/\/botschafter-menschenrechte.de\/wp-content\/uploads\/2020\/08\/cropped-cropped-cropped-Logo_BotschafterFuerMenschenrechte_BfM-1-e1596631633889-1-1536x1536.png 1536w, https:\/\/botschafter-menschenrechte.de\/wp-content\/uploads\/2020\/08\/cropped-cropped-cropped-Logo_BotschafterFuerMenschenrechte_BfM-1-e1596631633889-1-2048x2048.png 2048w\" sizes=\"auto, (max-width: 1024px) 100vw, 1024px\" \/><\/figure>\n\n\n\n<h3 class=\"wp-block-heading\">BfM empfiehlt: <br>Montagskonferenz zu Kuba Tourismus<\/h3>\n\n\n\n<p>Seit fast 90 Jahren l\u00e4dt an der Universit\u00e4t Heidelberg das Institut f\u00fcr \u00dcbersetzen und Dolmetschen jedes Semester ein breites Publikum zur w\u00f6chentlichen Montagskonferenz ein. <\/p>\n\n\n\n<p>Sie widmet sich aktuellen gesellschaftlichen Themen, zu denen deutsche und internationale Experten referieren.<br><br>Am 9. Dezember geht es um Tourismus und die kubanische Diktatur.<br><br>Turismo en Cuba: Rumbo fatal \/\/ Kubas Tourismus: Fataler Kurs (auf Spanisch)<br><br>Referent ist Legr\u00e9n V\u00e9lez, geb\u00fcrtiger Kubaner, Initiator von MenschendeCuba e.V., M\u00fcnchen und Botschafter f\u00fcr Menschenrechte in Kuba.<\/p>\n\n\n\n<figure class=\"wp-block-image size-large\"><img loading=\"lazy\" decoding=\"async\" width=\"1024\" height=\"782\" src=\"http:\/\/botschafter-menschenrechte.de\/wp-content\/uploads\/2024\/11\/cropped-GaesaHeader-scaled-1-1024x782.jpg\" alt=\"\" class=\"wp-image-3475\" srcset=\"https:\/\/botschafter-menschenrechte.de\/wp-content\/uploads\/2024\/11\/cropped-GaesaHeader-scaled-1-1024x782.jpg 1024w, https:\/\/botschafter-menschenrechte.de\/wp-content\/uploads\/2024\/11\/cropped-GaesaHeader-scaled-1-300x229.jpg 300w, https:\/\/botschafter-menschenrechte.de\/wp-content\/uploads\/2024\/11\/cropped-GaesaHeader-scaled-1-768x586.jpg 768w, https:\/\/botschafter-menschenrechte.de\/wp-content\/uploads\/2024\/11\/cropped-GaesaHeader-scaled-1.jpg 1069w\" sizes=\"auto, (max-width: 1024px) 100vw, 1024px\" \/><\/figure>\n\n\n\n<p>Die Veranstaltung beginnt um 16:15 Uhr und endet um 17:45 Uhr. <br>Sie wird auch im Live-Stream der Uni Heidelberg \u00fcbertragen. <br>Der Vortrag in spanischer Sprache wird simultan \u00fcbersetzt.<br><br>Link zum Flyer: <a href=\"https:\/\/botschafter-menschenrechte.de\/?p=3462\" data-type=\"link\" data-id=\"https:\/\/botschafter-menschenrechte.de\/?p=3462\">Von der Sonne verw\u00f6hnt\u2026<\/a><br><br>Ort: Universit\u00e4t Heidelberg, Institut f\u00fcr \u00dcbersetzen und Dolmetschen<br>Pl\u00f6ck 57a, Konferenzsaal II (EG), 69117 Heidelberg<\/p>\n\n\n\n<figure class=\"wp-block-image size-full is-resized\"><img loading=\"lazy\" decoding=\"async\" width=\"716\" height=\"716\" src=\"https:\/\/botschafter-menschenrechte.de\/wp-content\/uploads\/2024\/11\/Legren.jpg\" alt=\"\" class=\"wp-image-3502\" style=\"width:438px;height:auto\" srcset=\"https:\/\/botschafter-menschenrechte.de\/wp-content\/uploads\/2024\/11\/Legren.jpg 716w, https:\/\/botschafter-menschenrechte.de\/wp-content\/uploads\/2024\/11\/Legren-300x300.jpg 300w, https:\/\/botschafter-menschenrechte.de\/wp-content\/uploads\/2024\/11\/Legren-150x150.jpg 150w\" sizes=\"auto, (max-width: 716px) 100vw, 716px\" \/><figcaption class=\"wp-element-caption\">Legr\u00e9n V\u00e9lez<\/figcaption><\/figure>\n\n\n\n<p><\/p>\n","protected":false},"excerpt":{"rendered":"<p>BfM empfiehlt: Montagskonferenz zu Kuba Tourismus Seit fast 90 Jahren l\u00e4dt an der Universit\u00e4t Heidelberg das Institut f\u00fcr \u00dcbersetzen und Dolmetschen jedes Semester ein breites Publikum zur w\u00f6chentlichen Montagskonferenz ein. Sie widmet sich aktuellen gesellschaftlichen Themen, zu denen deutsche und internationale Experten referieren. Am 9. Dezember geht es um Tourismus und die kubanische Diktatur. Turismo [&hellip;]<\/p>\n","protected":false},"author":1,"featured_media":3503,"comment_status":"open","ping_status":"open","sticky":false,"template":"","format":"standard","meta":{"footnotes":""},"categories":[17],"tags":[],"class_list":["post-3501","post","type-post","status-publish","format-standard","has-post-thumbnail","hentry","category-kuba"],"_links":{"self":[{"href":"https:\/\/botschafter-menschenrechte.de\/index.php?rest_route=\/wp\/v2\/posts\/3501","targetHints":{"allow":["GET"]}}],"collection":[{"href":"https:\/\/botschafter-menschenrechte.de\/index.php?rest_route=\/wp\/v2\/posts"}],"about":[{"href":"https:\/\/botschafter-menschenrechte.de\/index.php?rest_route=\/wp\/v2\/types\/post"}],"author":[{"embeddable":true,"href":"https:\/\/botschafter-menschenrechte.de\/index.php?rest_route=\/wp\/v2\/users\/1"}],"replies":[{"embeddable":true,"href":"https:\/\/botschafter-menschenrechte.de\/index.php?rest_route=%2Fwp%2Fv2%2Fcomments&post=3501"}],"version-history":[{"count":3,"href":"https:\/\/botschafter-menschenrechte.de\/index.php?rest_route=\/wp\/v2\/posts\/3501\/revisions"}],"predecessor-version":[{"id":3514,"href":"https:\/\/botschafter-menschenrechte.de\/index.php?rest_route=\/wp\/v2\/posts\/3501\/revisions\/3514"}],"wp:featuredmedia":[{"embeddable":true,"href":"https:\/\/botschafter-menschenrechte.de\/index.php?rest_route=\/wp\/v2\/media\/3503"}],"wp:attachment":[{"href":"https:\/\/botschafter-menschenrechte.de\/index.php?rest_route=%2Fwp%2Fv2%2Fmedia&parent=3501"}],"wp:term":[{"taxonomy":"category","embeddable":true,"href":"https:\/\/botschafter-menschenrechte.de\/index.php?rest_route=%2Fwp%2Fv2%2Fcategories&post=3501"},{"taxonomy":"post_tag","embeddable":true,"href":"https:\/\/botschafter-menschenrechte.de\/index.php?rest_route=%2Fwp%2Fv2%2Ftags&post=3501"}],"curies":[{"name":"wp","href":"https:\/\/api.w.org\/{rel}","templated":true}]}}