{"id":3557,"date":"2025-01-10T07:47:26","date_gmt":"2025-01-10T07:47:26","guid":{"rendered":"https:\/\/botschafter-menschenrechte.de\/?p=3557"},"modified":"2025-01-10T07:47:26","modified_gmt":"2025-01-10T07:47:26","slug":"europa-hat-nicht-gelernt-deutschland-als-beispiel","status":"publish","type":"post","link":"https:\/\/botschafter-menschenrechte.de\/?p=3557","title":{"rendered":"Europa hat nicht gelernt -Deutschland als Beispiel"},"content":{"rendered":"\n<p><strong>Medhat Klada:<\/strong><\/p>\n\n\n\n<h1 class=\"wp-block-heading\"><strong>Europa hat nicht gelernt -Deutschland als Beispiel<\/strong><\/h1>\n\n\n\n<p><strong>Vor gut acht Jahren, am 19. Dezember 2016, \u00fcberfuhr mit einem gro\u00dfen Lkw der muslimische Terrorist aus Tunesien, Anis Amri, auf dem Weihnachtsmarkt in Berlin 12 Personen. Trotz der langen verstrichenen Zeit, wurden bis heute nicht alle Details \u00fcber den Hintergrund des Terroranschlags ver\u00f6ffentlicht.<\/strong><\/p>\n\n\n\n<p>Am 20. Dezember 2024 f\u00fchrte ein Terrorist aus Saudi-Arabien einen weiteren Anschlag auf einen Weihnachtsmarkt in Magdeburg durch. Er t\u00f6tete mindestens f\u00fcnf Personen, darunter ein kleines Kind, nachdem das von ihm gesteuerte Auto eine Menschenmenge auf dem Weihnachtsmarkt erfasst hatte. Laut lokalen Beh\u00f6rden wurde der Vorfall als Terroranschlag bezeichnet. Nach den letzten Zahlen wurden mindestens 300 weitere Menschen verletzt, darunter waren 41 in kritischem Zustand, so die Stadtregierung.<\/p>\n\n\n\n<p>In einer ungenauen Darstellung berichten einige von Muslimen geleitete deutsche Webseiten von einem saudi-arabischen Arzt, der \u201cKritiker des Islams\u201d sei. Dies ist ein verzweifelter Versuch, f\u00fcr den Vorfall eine unlogische Erkl\u00e4rung zu finden und die Terrorismusvorw\u00fcrfe gegen den Islam zu entsch\u00e4rfen.<\/p>\n\n\n\n<p>Als koptischer Christ, der fast 30 Jahre in \u00c4gypten lebte und Zeuge aller Arten von terroristischen Handlungen der islamistischen Gruppen gegen die Kopten in \u00c4gypten und deren Religion war, m\u00f6chte ich einen einfachen Beitrag leisten, der den Deutschen und Europa helfen k\u00f6nnte, aus der T\u00e4uschung zu erwachen, dass sich Islamisten in die europ\u00e4ische Gesellschaft integrieren liessen.<\/p>\n\n\n\n<p>Zuerst muss man wissen, dass das Szenario des \u00dcberfahrens von Menschenmengen mit Autos und Lastwagen, um so viele Zivilisten wie m\u00f6glich zu t\u00f6ten, eine seit Jahrzehnten g\u00e4ngige Methode der islamistischen Terrorgruppen ist. Hamas wendet diese Methode st\u00e4ndig auf den M\u00e4rkten und in den St\u00e4dten Israels an.<\/p>\n\n\n\n<p>Zweitens verbreiten islamistische Terrorgruppen regelm\u00e4\u00dfig Drohungen gegen alle, die ihre religi\u00f6sen Ansichten ablehnen. In \u00c4gypten beispielsweise gibt es vor jedem christlichen Fest, wie Weihnachten oder Ostern, immer wieder Angriffe durch Terroristen auf koptische Kirchen oder das Sprengen von Kirchen. Zum Beispiel:<\/p>\n\n\n\n<p>\u00a0\u00a0 \u2022\u00a0\u00a0\u00a0\u00a0\u00a0\u00a0 Die Bombenanschl\u00e4ge auf die Kirche der Heiligen in Alexandria (2011):<br>Am Silvesterabend 2010 ereignete sich der Anschlag auf die Kirche der Heiligen in Alexandria, bei dem mehr als 20 Menschen get\u00f6tet und viele weitere verletzt wurden.<\/p>\n\n\n\n<p>\u00a0\u00a0 \u2022\u00a0\u00a0\u00a0\u00a0\u00a0\u00a0 Die Anschl\u00e4ge an Palmsonntag (2017):<br>In der St.-Georgs-Kirche in Tanta ereignete sich eine Explosion w\u00e4hrend des Gottesdienstes, bei der viele Menschen get\u00f6tet und verletzt wurden.<br>In der koptischen Kirche in Alexandria gab es ebenfalls einen Selbstmordanschlag, der Opfer forderte.<\/p>\n\n\n\n<p>\u00a0\u00a0 \u2022\u00a0\u00a0\u00a0\u00a0\u00a0\u00a0 Der Anschlag auf die Petrus-Kirche (2016):<br>Ein Selbstmordattent\u00e4ter griff die Petrus-Kirche in Kairo w\u00e4hrend des Sonntagsgottesdienstes an, was zum Tod von 29 Menschen und vielen Verletzten f\u00fchrte.<\/p>\n\n\n\n<p>\u00a0\u00a0 \u2022\u00a0\u00a0\u00a0\u00a0\u00a0\u00a0 Anschl\u00e4ge auf der W\u00fcstenstra\u00dfe in Minya (2017 und 2018):<br>Bussen mit koptischen Christen, die zum Kloster von Anba Samuel unterwegs waren, wurden von Terroristen angegriffen, bei dem viele Menschen get\u00f6tet und verletzt wurden.<\/p>\n\n\n\n<p>\u00a0\u00a0 \u2022\u00a0\u00a0\u00a0\u00a0\u00a0\u00a0 Der versuchte Anschlag auf die Markuskirche in Abbasia (2011):<br>In der Markuskirche gab es w\u00e4hrend der Weihnachtsfeierlichkeiten einen gescheiterten Bombenanschlag.<\/p>\n\n\n\n<p>Drittens sollten die deutschen und europ\u00e4ischen Politiker wissen, dass alle islamistischen Bewegungen den \u201canderen\u201d ablehnen und als ungl\u00e4ubig betrachten \u2013 eine gesicherte islamische Doktrin. Egal wie sehr sie die h\u00e4ssliche Realit\u00e4t besch\u00f6nigen, Europ\u00e4er m\u00fcssen die Aussagen von islamischen Geistlichen in \u00c4gypten, insbesondere die von Al-Azhar und salafistischen Geistlichen, lesen, die \u00f6ffentlich erkl\u00e4rt haben, dass es verboten sei, Weihnachten zu feiern und Christen zu begl\u00fcckw\u00fcnschen.<\/p>\n\n\n\n<p>Viertens m\u00fcssen die Europ\u00e4er und Deutschen verstehen, dass das ultimative Ziel islamistischer Gruppen darin besteht, Angst unter den europ\u00e4ischen V\u00f6lkern zu verbreiten und sie zu zwingen, keine Weihnachtsm\u00e4rkte mehr zu veranstalten und Weihnachten nicht mehr zu feiern.<\/p>\n\n\n\n<p>F\u00fcnftens: Es ist unbestreitbar, dass Frau Merkel versucht hat, eine humanit\u00e4re L\u00f6sung f\u00fcr syrische Fl\u00fcchtlinge und Fl\u00fcchtlinge aus islamischen L\u00e4ndern zu finden, ohne ausreichend zu studieren und ohne genaue Pr\u00fcfungen. Infolgedessen konnten Hunderte von K\u00e4mpfern der \u201cIslamischen Staat\u201d-Terrororganisation nach Deutschland einreisen und begannen, Tausende zu rekrutieren, um ihren Terrorplan umzusetzen: Europa zerst\u00f6ren, mit Gewalt die Scharia durchzusetzen und den Islam durch Terror verbreiten.<\/p>\n\n\n\n<p>Abschlie\u00dfend muss Europa, insbesondere Deutschland als das f\u00fchrende Land Europas, eine Aufkl\u00e4rungskampagne gegen islamistische Terrorgruppen f\u00fchren, deren Terrorismus durch den Koran und die Hadiths unterst\u00fctzt wird. Es muss darauf gedr\u00e4ngt werden, die Lehren in Moscheen zu \u00fcberpr\u00fcfen und sich nicht auf Al-Azhar-Geistliche zu verlassen, da diese die Wurzel des globalen Terrorismus darstellen. Fast alle globalen islamischen Terroristenf\u00fchrer und ihre Anh\u00e4nger kommen aus der Al-Azhar-Universit\u00e4t in \u00c4gypten. Deutschland muss erkennen, dass die islamische Welt immer nach einem Feind sucht, um ihn zu bek\u00e4mpfen. Die Geschichte des Islams ist eine Geschichte von Kriegen, in denen Hunderttausende von Muslimen in blutigen K\u00e4mpfen gefallen sind: Sunniten gegen Sunniten, Schiiten gegen Sunniten, Schiiten gegen Schiiten. Deutschland muss aufwachen und erkennen, dass die Zeit dr\u00e4ngt. Die Terroranschl\u00e4ge werden sich wiederholen, und der Versuch der islamischen Welt, terroristische Lehren zu besch\u00f6nigen, wird letztlich nicht erfolgreich sein. Europa muss jetzt aus dem Sumpf der Dummheit und Naivit\u00e4t aufstehen, indem es den Islamismus entlarvt und zur\u00fcckweist Islamisten sind innerhalb Europas tickende Zeitbomben, die nur auf den richtigen Moment warten, um zu explodieren.<\/p>\n\n\n\n<p><em>\u201cDas Leben ist voller Dornen, aber wer vorsichtig geht, vermeidet den Schmerz.\u201d \u2013 Victor Hugo<\/em><\/p>\n","protected":false},"excerpt":{"rendered":"<p>Medhat Klada: Europa hat nicht gelernt -Deutschland als Beispiel Vor gut acht Jahren, am 19. Dezember 2016, \u00fcberfuhr mit einem gro\u00dfen Lkw der muslimische Terrorist aus Tunesien, Anis Amri, auf dem Weihnachtsmarkt in Berlin 12 Personen. Trotz der langen verstrichenen Zeit, wurden bis heute nicht alle Details \u00fcber den Hintergrund des Terroranschlags ver\u00f6ffentlicht. Am 20. [&hellip;]<\/p>\n","protected":false},"author":1,"featured_media":3439,"comment_status":"open","ping_status":"open","sticky":false,"template":"","format":"standard","meta":{"footnotes":""},"categories":[38],"tags":[],"class_list":["post-3557","post","type-post","status-publish","format-standard","has-post-thumbnail","hentry","category-meinung"],"_links":{"self":[{"href":"https:\/\/botschafter-menschenrechte.de\/index.php?rest_route=\/wp\/v2\/posts\/3557","targetHints":{"allow":["GET"]}}],"collection":[{"href":"https:\/\/botschafter-menschenrechte.de\/index.php?rest_route=\/wp\/v2\/posts"}],"about":[{"href":"https:\/\/botschafter-menschenrechte.de\/index.php?rest_route=\/wp\/v2\/types\/post"}],"author":[{"embeddable":true,"href":"https:\/\/botschafter-menschenrechte.de\/index.php?rest_route=\/wp\/v2\/users\/1"}],"replies":[{"embeddable":true,"href":"https:\/\/botschafter-menschenrechte.de\/index.php?rest_route=%2Fwp%2Fv2%2Fcomments&post=3557"}],"version-history":[{"count":1,"href":"https:\/\/botschafter-menschenrechte.de\/index.php?rest_route=\/wp\/v2\/posts\/3557\/revisions"}],"predecessor-version":[{"id":3558,"href":"https:\/\/botschafter-menschenrechte.de\/index.php?rest_route=\/wp\/v2\/posts\/3557\/revisions\/3558"}],"wp:featuredmedia":[{"embeddable":true,"href":"https:\/\/botschafter-menschenrechte.de\/index.php?rest_route=\/wp\/v2\/media\/3439"}],"wp:attachment":[{"href":"https:\/\/botschafter-menschenrechte.de\/index.php?rest_route=%2Fwp%2Fv2%2Fmedia&parent=3557"}],"wp:term":[{"taxonomy":"category","embeddable":true,"href":"https:\/\/botschafter-menschenrechte.de\/index.php?rest_route=%2Fwp%2Fv2%2Fcategories&post=3557"},{"taxonomy":"post_tag","embeddable":true,"href":"https:\/\/botschafter-menschenrechte.de\/index.php?rest_route=%2Fwp%2Fv2%2Ftags&post=3557"}],"curies":[{"name":"wp","href":"https:\/\/api.w.org\/{rel}","templated":true}]}}