{"id":3565,"date":"2025-01-22T19:40:05","date_gmt":"2025-01-22T19:40:05","guid":{"rendered":"https:\/\/botschafter-menschenrechte.de\/?p=3565"},"modified":"2025-01-22T19:43:02","modified_gmt":"2025-01-22T19:43:02","slug":"kuba-die-haftentlassungen-sind-ausschliesslich-wirtschaftlich-motiviert","status":"publish","type":"post","link":"https:\/\/botschafter-menschenrechte.de\/?p=3565","title":{"rendered":"Kuba: Die Haftentlassungen sind ausschlie\u00dflich wirtschaftlich motiviert"},"content":{"rendered":"\n<h3 class=\"wp-block-heading\"><strong>Kuba: <\/strong><br><strong>Die Haftentlassungen sind ausschlie\u00dflich wirtschaftlich motiviert<\/strong><\/h3>\n\n\n\n<p><strong>Von Martin Lessenthin*<\/strong><\/p>\n\n\n\n<p>Kuba ist bankrott. Der Inselstaat kann seine Auslandsschulden nicht begleichen. Die Ank\u00fcndigung, des gerne in Uniform auftretenden Pr\u00e4sidenten Miguel D\u00edaz-Canel, 553 Gefangene freizulassen, ist der verzweifelte Versuch durch die Streichung von der US-Terrorliste an Devisen zu kommen. Nur so kann das Regime wieder mehr zahlungskr\u00e4ftige Urlauber anlocken, die es in den letzten Jahren verloren hatte.<\/p>\n\n\n\n<p>Der Vatikan begr\u00fc\u00dfte die Gefangenenentlassungen als \u201eZeichen gro\u00dfer Hoffnung\u201c im Heiligen Jahr. Schon sehr lange hatten Vertreter der katholischen Kirche f\u00fcr die Entlassung von politischen Gefangenen geworben. Nun hat das Regime die Haftentlassungen \u201ereligi\u00f6s getarnt\u201c und die letzten Minuten vor Donald Trumps Amtsantritt f\u00fcr einen Deal genutzt. Das Wei\u00dfe Haus best\u00e4tigte sogar, dass die Streichung Kubas von der Terrorliste, \u201emit Hilfe des Vatikans erleichtert wurde\u201c.<\/p>\n\n\n\n<p>Kritik kommt von der kubanischen Christlichen Befreiungsbewegung (MCL), die politische Gefangene nicht als \u201eObjekte von Tauschgesch\u00e4ften\u201c sehen m\u00f6chte. Menschenrechtler bef\u00fcrchten, dass viele Entlassene bald wieder inhaftiert werden. Erste Freigelassene berichten, dass sie sich nicht frei f\u00fchlen, weil ihnen eine erneute Haft angedroht wurde, sollten sie sich in den sozialen Medien bet\u00e4tigen, oder an Protesten teilnehmen.<\/p>\n\n\n\n<p>Ungewiss ist, ob auch gew\u00f6hnliche Kriminelle freikommen, oder tats\u00e4chlich 553 der rund 1500 politischen Gefangenen. Bisher nicht freigelassen wurde der deutsche politische Gefangene Luis Frometa aus Dresden. Immerhin sind unter den bisher entlassenen Gefangenen die prominenten B\u00fcrgerrechtler Jos\u00e9 Daniel Ferrer, Felix Navarro und Yandier Garc\u00eda Labrada vom MCL. Bereits daf\u00fcr sind viele Kubaner dem Vatikan und Joe Biden dankbar.<\/p>\n\n\n\n<figure class=\"wp-block-image size-large is-resized\"><img loading=\"lazy\" decoding=\"async\" width=\"683\" height=\"1024\" src=\"https:\/\/botschafter-menschenrechte.de\/wp-content\/uploads\/2025\/01\/M.-Lessenthin-Bild-BfM-683x1024.jpg\" alt=\"\" class=\"wp-image-3566\" style=\"width:338px;height:auto\" srcset=\"https:\/\/botschafter-menschenrechte.de\/wp-content\/uploads\/2025\/01\/M.-Lessenthin-Bild-BfM-683x1024.jpg 683w, https:\/\/botschafter-menschenrechte.de\/wp-content\/uploads\/2025\/01\/M.-Lessenthin-Bild-BfM-200x300.jpg 200w, https:\/\/botschafter-menschenrechte.de\/wp-content\/uploads\/2025\/01\/M.-Lessenthin-Bild-BfM-768x1152.jpg 768w, https:\/\/botschafter-menschenrechte.de\/wp-content\/uploads\/2025\/01\/M.-Lessenthin-Bild-BfM-1024x1536.jpg 1024w, https:\/\/botschafter-menschenrechte.de\/wp-content\/uploads\/2025\/01\/M.-Lessenthin-Bild-BfM-1365x2048.jpg 1365w, https:\/\/botschafter-menschenrechte.de\/wp-content\/uploads\/2025\/01\/M.-Lessenthin-Bild-BfM-scaled.jpg 1707w\" sizes=\"auto, (max-width: 683px) 100vw, 683px\" \/><figcaption class=\"wp-element-caption\"><em>*Der Menschenrechtsexperte und Historiker <\/em><br><em>Martin Lessenthin engagiert sich als <\/em><br><em>Botschafter f\u00fcr Menschenrechte f\u00fcr <\/em><br><em>politische Gefangene und Glaubensgefangene.<\/em><\/figcaption><\/figure>\n","protected":false},"excerpt":{"rendered":"<p>Kuba: Die Haftentlassungen sind ausschlie\u00dflich wirtschaftlich motiviert Von Martin Lessenthin* Kuba ist bankrott. Der Inselstaat kann seine Auslandsschulden nicht begleichen. Die Ank\u00fcndigung, des gerne in Uniform auftretenden Pr\u00e4sidenten Miguel D\u00edaz-Canel, 553 Gefangene freizulassen, ist der verzweifelte Versuch durch die Streichung von der US-Terrorliste an Devisen zu kommen. Nur so kann das Regime wieder mehr zahlungskr\u00e4ftige [&hellip;]<\/p>\n","protected":false},"author":1,"featured_media":781,"comment_status":"open","ping_status":"open","sticky":false,"template":"","format":"standard","meta":{"footnotes":""},"categories":[17],"tags":[],"class_list":["post-3565","post","type-post","status-publish","format-standard","has-post-thumbnail","hentry","category-kuba"],"_links":{"self":[{"href":"https:\/\/botschafter-menschenrechte.de\/index.php?rest_route=\/wp\/v2\/posts\/3565","targetHints":{"allow":["GET"]}}],"collection":[{"href":"https:\/\/botschafter-menschenrechte.de\/index.php?rest_route=\/wp\/v2\/posts"}],"about":[{"href":"https:\/\/botschafter-menschenrechte.de\/index.php?rest_route=\/wp\/v2\/types\/post"}],"author":[{"embeddable":true,"href":"https:\/\/botschafter-menschenrechte.de\/index.php?rest_route=\/wp\/v2\/users\/1"}],"replies":[{"embeddable":true,"href":"https:\/\/botschafter-menschenrechte.de\/index.php?rest_route=%2Fwp%2Fv2%2Fcomments&post=3565"}],"version-history":[{"count":2,"href":"https:\/\/botschafter-menschenrechte.de\/index.php?rest_route=\/wp\/v2\/posts\/3565\/revisions"}],"predecessor-version":[{"id":3571,"href":"https:\/\/botschafter-menschenrechte.de\/index.php?rest_route=\/wp\/v2\/posts\/3565\/revisions\/3571"}],"wp:featuredmedia":[{"embeddable":true,"href":"https:\/\/botschafter-menschenrechte.de\/index.php?rest_route=\/wp\/v2\/media\/781"}],"wp:attachment":[{"href":"https:\/\/botschafter-menschenrechte.de\/index.php?rest_route=%2Fwp%2Fv2%2Fmedia&parent=3565"}],"wp:term":[{"taxonomy":"category","embeddable":true,"href":"https:\/\/botschafter-menschenrechte.de\/index.php?rest_route=%2Fwp%2Fv2%2Fcategories&post=3565"},{"taxonomy":"post_tag","embeddable":true,"href":"https:\/\/botschafter-menschenrechte.de\/index.php?rest_route=%2Fwp%2Fv2%2Ftags&post=3565"}],"curies":[{"name":"wp","href":"https:\/\/api.w.org\/{rel}","templated":true}]}}