{"id":3586,"date":"2025-03-17T14:42:49","date_gmt":"2025-03-17T14:42:49","guid":{"rendered":"https:\/\/botschafter-menschenrechte.de\/?p=3586"},"modified":"2025-03-17T14:42:49","modified_gmt":"2025-03-17T14:42:49","slug":"deutschlands-aelteste-muslimische-gemeinschaft-verurteilt-aufrufe-zum-politischen-kalifat","status":"publish","type":"post","link":"https:\/\/botschafter-menschenrechte.de\/?p=3586","title":{"rendered":"Deutschlands \u00e4lteste muslimische Gemeinschaft verurteilt Aufrufe zum politischen Kalifat"},"content":{"rendered":"\n<h2 class=\"wp-block-heading\"><strong>Deutschlands \u00e4lteste muslimische Gemeinschaft verurteilt Aufrufe zum politischen Kalifat<\/strong><\/h2>\n\n\n\n<p><strong>Ahmadiyya Muslime f\u00fcr Trennung von Staat und Religion \u2013 Kalifat ist f\u00fcr Ahmadiyya eine rein spirituelle Institution<\/strong><\/p>\n\n\n\n<p>W\u00e4hrend einer Demonstration in Hamburg haben Anh\u00e4nger einer extremistischen Gruppierung zur Errichtung eines Kalifats aufgerufen und damit eine Welle der Emp\u00f6rung ausgel\u00f6st.<\/p>\n\n\n\n<figure class=\"wp-block-image size-large is-resized\"><img loading=\"lazy\" decoding=\"async\" width=\"473\" height=\"1024\" src=\"https:\/\/botschafter-menschenrechte.de\/wp-content\/uploads\/2025\/03\/Amadiyaya-fuer-Trennung-zwischen-Staat-und-Religion-1-473x1024.jpeg\" alt=\"\" class=\"wp-image-3588\" style=\"width:342px;height:auto\" srcset=\"https:\/\/botschafter-menschenrechte.de\/wp-content\/uploads\/2025\/03\/Amadiyaya-fuer-Trennung-zwischen-Staat-und-Religion-1-473x1024.jpeg 473w, https:\/\/botschafter-menschenrechte.de\/wp-content\/uploads\/2025\/03\/Amadiyaya-fuer-Trennung-zwischen-Staat-und-Religion-1-139x300.jpeg 139w, https:\/\/botschafter-menschenrechte.de\/wp-content\/uploads\/2025\/03\/Amadiyaya-fuer-Trennung-zwischen-Staat-und-Religion-1-768x1662.jpeg 768w, https:\/\/botschafter-menschenrechte.de\/wp-content\/uploads\/2025\/03\/Amadiyaya-fuer-Trennung-zwischen-Staat-und-Religion-1-710x1536.jpeg 710w, https:\/\/botschafter-menschenrechte.de\/wp-content\/uploads\/2025\/03\/Amadiyaya-fuer-Trennung-zwischen-Staat-und-Religion-1-946x2048.jpeg 946w, https:\/\/botschafter-menschenrechte.de\/wp-content\/uploads\/2025\/03\/Amadiyaya-fuer-Trennung-zwischen-Staat-und-Religion-1.jpeg 1183w\" sizes=\"auto, (max-width: 473px) 100vw, 473px\" \/><\/figure>\n\n\n\n<p>Die Ahmadiyya Muslim Jamaat (AMJ), seit 1923 in Deutschland vertreten und einer der gr\u00f6\u00dften Islamverb\u00e4nde im Land, lehnt die Vorstellung eines weltlich-politischen Kalifats ab, warnt jedoch davor, extremistischen Gruppierungen die Deutungshoheit zu \u00fcberlassen. Das Kalifat (w\u00f6rtlich \u201aNachfolge\u2018) in der AMJ stellt eine rein spirituelle Institution dar, die bereits seit 116 Jahren besteht. Die Hauptaufgabe des Kalifen besteht darin, die Gl\u00e4ubigen spirituell und moralisch rechtzuleiten sowie die Menschen n\u00e4her zu Gott zu bringen. Der Kalif f\u00f6rdert gem\u00e4\u00df dem Motto der Gemeinde \u201eLiebe f\u00fcr Alle, Hass f\u00fcr Keinen\u201c, Sympathie zwischen Menschen aller Konfessionen und ruft zum weltweiten Frieden auf.<\/p>\n\n\n\n<p>Seit 21 Jahren f\u00fchrt der 5. Kalif, Seine Heiligkeit Mirza Masroor Ahmadaba, die weltweit gr\u00f6\u00dfte Gemeinschaft der organisierten Muslime mit mehreren zehn Millionen Gl\u00e4ubigen, die AMJ, mit Mitgliedern in \u00fcber 205 L\u00e4ndern an und erkl\u00e4rt unmissverst\u00e4ndlich: \u201eKalifat hat keine Beziehung zur Regierung oder Politik. Wenn sich Ahmadiyya weiterverbreitet, wird das Kalifat keine Rolle in der Regierung spielen und sich niemals in staatliche Angelegenheiten einmischen. Wir haben keine politischen Ambitionen. Wir glauben vollst\u00e4ndig an eine Trennung von Religion und Staat.\u201c<\/p>\n\n\n\n<p>Die AMJ ruft die Medien und Politik auf, zu diesem Thema differenziert und besonnen zu \u00e4u\u00dfern. Statt extremistische Narrative einiger Extremisten zu wiederholen, sollte der Blick auf die \u00fcberw\u00e4ltigende Mehrheit der 6 Millionen Muslime in Deutschland gerichtet sein, die sich klar zur freiheitlich-demokratischen Grundordnung unseres Landes bekennen.<\/p>\n","protected":false},"excerpt":{"rendered":"<p>Deutschlands \u00e4lteste muslimische Gemeinschaft verurteilt Aufrufe zum politischen Kalifat Ahmadiyya Muslime f\u00fcr Trennung von Staat und Religion \u2013 Kalifat ist f\u00fcr Ahmadiyya eine rein spirituelle Institution W\u00e4hrend einer Demonstration in Hamburg haben Anh\u00e4nger einer extremistischen Gruppierung zur Errichtung eines Kalifats aufgerufen und damit eine Welle der Emp\u00f6rung ausgel\u00f6st. Die Ahmadiyya Muslim Jamaat (AMJ), seit 1923 [&hellip;]<\/p>\n","protected":false},"author":1,"featured_media":3587,"comment_status":"open","ping_status":"open","sticky":false,"template":"","format":"standard","meta":{"footnotes":""},"categories":[38],"tags":[],"class_list":["post-3586","post","type-post","status-publish","format-standard","has-post-thumbnail","hentry","category-meinung"],"_links":{"self":[{"href":"https:\/\/botschafter-menschenrechte.de\/index.php?rest_route=\/wp\/v2\/posts\/3586","targetHints":{"allow":["GET"]}}],"collection":[{"href":"https:\/\/botschafter-menschenrechte.de\/index.php?rest_route=\/wp\/v2\/posts"}],"about":[{"href":"https:\/\/botschafter-menschenrechte.de\/index.php?rest_route=\/wp\/v2\/types\/post"}],"author":[{"embeddable":true,"href":"https:\/\/botschafter-menschenrechte.de\/index.php?rest_route=\/wp\/v2\/users\/1"}],"replies":[{"embeddable":true,"href":"https:\/\/botschafter-menschenrechte.de\/index.php?rest_route=%2Fwp%2Fv2%2Fcomments&post=3586"}],"version-history":[{"count":1,"href":"https:\/\/botschafter-menschenrechte.de\/index.php?rest_route=\/wp\/v2\/posts\/3586\/revisions"}],"predecessor-version":[{"id":3589,"href":"https:\/\/botschafter-menschenrechte.de\/index.php?rest_route=\/wp\/v2\/posts\/3586\/revisions\/3589"}],"wp:featuredmedia":[{"embeddable":true,"href":"https:\/\/botschafter-menschenrechte.de\/index.php?rest_route=\/wp\/v2\/media\/3587"}],"wp:attachment":[{"href":"https:\/\/botschafter-menschenrechte.de\/index.php?rest_route=%2Fwp%2Fv2%2Fmedia&parent=3586"}],"wp:term":[{"taxonomy":"category","embeddable":true,"href":"https:\/\/botschafter-menschenrechte.de\/index.php?rest_route=%2Fwp%2Fv2%2Fcategories&post=3586"},{"taxonomy":"post_tag","embeddable":true,"href":"https:\/\/botschafter-menschenrechte.de\/index.php?rest_route=%2Fwp%2Fv2%2Ftags&post=3586"}],"curies":[{"name":"wp","href":"https:\/\/api.w.org\/{rel}","templated":true}]}}