{"id":3623,"date":"2025-07-10T10:35:16","date_gmt":"2025-07-10T10:35:16","guid":{"rendered":"https:\/\/botschafter-menschenrechte.de\/?p=3623"},"modified":"2025-07-10T10:35:59","modified_gmt":"2025-07-10T10:35:59","slug":"erklaerung-von-botschafter-fuer-menschenrechte-zum-11-juli-2025","status":"publish","type":"post","link":"https:\/\/botschafter-menschenrechte.de\/?p=3623","title":{"rendered":"Erkl\u00e4rung von Botschafter f\u00fcr Menschenrechte zum 11. Juli 2025:"},"content":{"rendered":"\n<h3 class=\"wp-block-heading\">Erkl\u00e4rung von Botschafter f\u00fcr Menschenrechte zum 11. Juli 2025: <strong>Keine Alimentierung der Diktatur &#8211; EU muss PDCA-Abkommen beenden!<br><\/strong><\/h3>\n\n\n\n<p>Der 11. Juli ist ein trauriges Jubil\u00e4um f\u00fcr die unter der Diktatur leidenden Kubaner und f\u00fcr die Freunde der Freiheit weltweit. \u00a0Denn an diesem Tag wurde im Jahr 2021 der friedliche landesweite Protest der Kubanerinnen und Kubaner gegen Diktatur und Mangelwirtschaft gewaltsam niedergeschlagen. \u00a0<br><br>Der 11. Juli ist zugleich ein Tag der Mahnung und Kritik gegen\u00fcber der Europ\u00e4ischen Union, die eine fatale Kuba-Politik betreibt. Das PDCA-Abkommen unterst\u00fctzt die seit 65 Jahren herrschende kommunistische Clique und verl\u00e4ngert die Diktatur.<br><br>Botschafter f\u00fcr Menschenrechte ruft die EU zur Umkehr auf! Deutschland soll dabei seiner Verantwortung gerecht werden. Wir fordern die EU auf, konsequent gegen die Menschenrechtsverletzungen auf Kuba vorzugehen, die Freilassung aller politischen Gefangenen und freie und geheime Wahlen durchzusetzen.<br><br>Kubanische S\u00f6ldner d\u00fcrfen nicht weiter Ukrainer f\u00fcr Putin t\u00f6ten! Wer wie Deutschland den Menschen in der Ukraine gegen Putins Unterdr\u00fcckungspolitik beisteht, muss auch Solidarit\u00e4t zeigen f\u00fcr die unterdr\u00fcckte kubanische Bev\u00f6lkerung. Jede Art von Kuba-Hilfe muss den leidenden Menschen zu Gute kommen, nicht dem Milit\u00e4r und der Machtelite, die Kubas Menschen ausbeutet und unterdr\u00fcckt.<\/p>\n","protected":false},"excerpt":{"rendered":"<p>Erkl\u00e4rung von Botschafter f\u00fcr Menschenrechte zum 11. Juli 2025: Keine Alimentierung der Diktatur &#8211; EU muss PDCA-Abkommen beenden! Der 11. Juli ist ein trauriges Jubil\u00e4um f\u00fcr die unter der Diktatur leidenden Kubaner und f\u00fcr die Freunde der Freiheit weltweit. \u00a0Denn an diesem Tag wurde im Jahr 2021 der friedliche landesweite Protest der Kubanerinnen und Kubaner [&hellip;]<\/p>\n","protected":false},"author":1,"featured_media":3473,"comment_status":"open","ping_status":"open","sticky":false,"template":"","format":"standard","meta":{"footnotes":""},"categories":[17],"tags":[],"class_list":["post-3623","post","type-post","status-publish","format-standard","has-post-thumbnail","hentry","category-kuba"],"_links":{"self":[{"href":"https:\/\/botschafter-menschenrechte.de\/index.php?rest_route=\/wp\/v2\/posts\/3623","targetHints":{"allow":["GET"]}}],"collection":[{"href":"https:\/\/botschafter-menschenrechte.de\/index.php?rest_route=\/wp\/v2\/posts"}],"about":[{"href":"https:\/\/botschafter-menschenrechte.de\/index.php?rest_route=\/wp\/v2\/types\/post"}],"author":[{"embeddable":true,"href":"https:\/\/botschafter-menschenrechte.de\/index.php?rest_route=\/wp\/v2\/users\/1"}],"replies":[{"embeddable":true,"href":"https:\/\/botschafter-menschenrechte.de\/index.php?rest_route=%2Fwp%2Fv2%2Fcomments&post=3623"}],"version-history":[{"count":2,"href":"https:\/\/botschafter-menschenrechte.de\/index.php?rest_route=\/wp\/v2\/posts\/3623\/revisions"}],"predecessor-version":[{"id":3626,"href":"https:\/\/botschafter-menschenrechte.de\/index.php?rest_route=\/wp\/v2\/posts\/3623\/revisions\/3626"}],"wp:featuredmedia":[{"embeddable":true,"href":"https:\/\/botschafter-menschenrechte.de\/index.php?rest_route=\/wp\/v2\/media\/3473"}],"wp:attachment":[{"href":"https:\/\/botschafter-menschenrechte.de\/index.php?rest_route=%2Fwp%2Fv2%2Fmedia&parent=3623"}],"wp:term":[{"taxonomy":"category","embeddable":true,"href":"https:\/\/botschafter-menschenrechte.de\/index.php?rest_route=%2Fwp%2Fv2%2Fcategories&post=3623"},{"taxonomy":"post_tag","embeddable":true,"href":"https:\/\/botschafter-menschenrechte.de\/index.php?rest_route=%2Fwp%2Fv2%2Ftags&post=3623"}],"curies":[{"name":"wp","href":"https:\/\/api.w.org\/{rel}","templated":true}]}}