{"id":3751,"date":"2025-11-28T07:51:49","date_gmt":"2025-11-28T07:51:49","guid":{"rendered":"https:\/\/botschafter-menschenrechte.de\/?p=3751"},"modified":"2025-11-28T07:55:22","modified_gmt":"2025-11-28T07:55:22","slug":"schutz-fuer-den-koptischen-menschenrechtsaktivisten-tamer-hanna-stoppen-sie-seine-abschiebung-nach-aegypten","status":"publish","type":"post","link":"https:\/\/botschafter-menschenrechte.de\/?p=3751","title":{"rendered":"Schutz f\u00fcr den koptischen Menschenrechtsaktivisten Tamer Hanna \u2013 Stoppen Sie seine Abschiebung nach \u00c4gypten"},"content":{"rendered":"\n<p>Tamer Hannas Bericht auf dem Kongress \u201eChristenverfolgung heute\u201c am 12. November 2025 im Tagungszentrum Sch\u00f6nblick in Schw\u00e4bisch Gm\u00fcnd hat uns tief beeindruckt. Tamer und seine Familie verdienen unsere Hilfe.<br><br>Bitte verbreiten Sie den Appell weiter und unterst\u00fctzen auch Sie ihn mit Ihrer Unterschrift. Ihre Stimme kann dazu beitragen, das Leben eines Mannes zu sch\u00fctzen, der sein eigenes Leben riskiert hat, um andere zu verteidigen.<\/p>\n\n\n\n<p><strong><u>Petition der Menschenrechtsorganisation EUCHOR mit Teilnehmern des Kongresses Christenverfolgung heute an die Landesregierung Rheinland-Pfalz:<\/u><\/strong><\/p>\n\n\n\n<h2 class=\"wp-block-heading\"><strong>Schutz f\u00fcr den koptischen Menschenrechtsaktivisten Tamer Hanna \u2013 Stoppen Sie seine Abschiebung nach \u00c4gypten<\/strong><\/h2>\n\n\n\n<p><strong>Wir richten diesen dringenden Appell an die Landesregierung Rheinland-Pfalz, an die deutsche \u00d6ffentlichkeit und an alle Menschen, die f\u00fcr Gerechtigkeit und Menschenrechte eintreten. Wir bitten um Ihre Unterst\u00fctzung f\u00fcr den koptischen Menschenrechtsaktivisten Tamer Hanna (Deckname), dessen Leben im Falle einer Abschiebung nach \u00c4gypten akut bedroht w\u00e4re.<\/strong><\/p>\n\n\n\n<p><strong>Hintergrund <\/strong>Seit 2011 engagiert sich Tamer Hanna mit seiner Organisation gegen die Entf\u00fchrung koptischer M\u00e4dchen und Jungen in \u00c4gypten, die zur Annahme des Islam und zu Zwangsverheiratungen gezwungen werden. Die Organisation konnte zahlreiche Opfer retten und sicher zu ihren christlichen Familien zur\u00fcckbringen \u2013 alle F\u00e4lle sind umfassend dokumentiert.<\/p>\n\n\n\n<p>Aufgrund dieses Engagements wurde Tamer mehrfach verfolgt:<\/p>\n\n\n\n<ul class=\"wp-block-list\">\n<li>Er erhielt wiederholt Drohungen durch die \u00e4gyptischen Beh\u00f6rden.<\/li>\n\n\n\n<li> Unter massiver Gewaltandrohung wurde ihm nahegelegt, seine Arbeit einzustellen.<\/li>\n\n\n\n<li>Er wurde mehrfach inhaftiert.<\/li>\n\n\n\n<li>Seine Familie erhielt Morddrohungen.<\/li>\n\n\n\n<li>Sein Vater wurde aufgrund seines menschenrechtlichen Engagements von islamistischen Gruppen get\u00f6tet.<\/li>\n<\/ul>\n\n\n\n<p>Schlie\u00dflich gelang Tamer die Ausreise aus \u00c4gypten \u00fcber ein arabisches Land nach Deutschland \u2013 zusammen mit seiner Tochter, die an einer schweren Nierenerkrankung leidet, deren Erkrankung erst nach der Ankunft in Deutschland entdeckt wurde. Sie musste sich hier einer aufwendigen Operation unterziehen.<\/p>\n\n\n\n<p>Trotz der offensichtlichen Lebensgefahr wurde sein Asylantrag und Antrag auf Schutz mit der Begr\u00fcndung abgelehnt, \u00c4gypten sei ein \u201esicheres Land\u201c.<\/p>\n\n\n\n<p><strong>Finanzielle Forderung von 62.000 Euro <\/strong>Tamer ist zudem mit einer Forderung von 62.000 Euro belastet, die aus einer Verpflichtungserkl\u00e4rung resultiert:<\/p>\n\n\n\n<ul class=\"wp-block-list\">\n<li>die im Visumverfahren nie verwendet wurde;<\/li>\n\n\n\n<li>die nachweislich fehlerhaft und rechtlich ung\u00fcltig ist.<\/li>\n<\/ul>\n\n\n\n<p>Trotz dieser klaren Sachlage wird weiterhin auf der Erstattung des gesamten Betrags bestanden \u2013 einschlie\u00dflich der medizinischen Behandlung seiner Tochter.<\/p>\n\n\n\n<p><strong>H\u00e4rtefallkommission <\/strong>Aufgrund seiner hervorragenden Integration in die deutsche Gesellschaft \u2013 durch den Abschluss von Sprach- und Integrationskursen, ehrenamtliches Engagement und \u00fcber 1.500 Unterst\u00fctzungsunterschriften von Nachbarn und Bekannten \u2013 wurde sein Fall positiv entschieden. Er erhielt eine einj\u00e4hrige Aufenthaltserlaubnis bis Juni 2026, jedoch bietet diese L\u00f6sung keinen dauerhaften Schutz.<\/p>\n\n\n\n<p><strong>Versto\u00df gegen Menschenrechte <\/strong>Eine Abschiebung oder die Verweigerung einer dauerhaften Aufenthaltserlaubnis stellt einen klaren Versto\u00df gegen Artikel 3 und 5 der Allgemeinen Erkl\u00e4rung der Menschenrechte dar.<\/p>\n\n\n\n<p><strong>Unsere Forderungen<\/strong><\/p>\n\n\n\n<ol class=\"wp-block-list\">\n<li>Vollst\u00e4ndige Aufhebung der Forderung \u00fcber 62.000 Euro gegen\u00fcber Tamer Hanna und der Person, die die Verpflichtungserkl\u00e4rung abgegeben hat.<\/li>\n\n\n\n<li>Erteilung einer Niederlassungserlaubnis, um sein Leben nachhaltig zu sch\u00fctzen und eine Abschiebung auszuschlie\u00dfen.<\/li>\n<\/ol>\n\n\n\n<p>Wir bitten Sie, diesen Appell mit Ihrer Unterschrift zu unterst\u00fctzen.<\/p>\n\n\n\n<p>Hier (s.u.) finden Sie das PDF als abrufbare Datei.<\/p>\n\n\n\n<div data-wp-interactive=\"core\/file\" class=\"wp-block-file\"><object data-wp-bind--hidden=\"!state.hasPdfPreview\" hidden class=\"wp-block-file__embed\" data=\"https:\/\/botschafter-menschenrechte.de\/wp-content\/uploads\/2025\/11\/Petition-der-Menschenrechtsorganisation-EUCHOR-mit-Teilnehmern-des-Kongresses-Christenverfolgung-heute-an-die-Landesregierung-Rheinland.pdf\" type=\"application\/pdf\" style=\"width:100%;height:600px\" aria-label=\"Einbettung von Petition der Menschenrechtsorganisation EUCHOR mit Teilnehmern des Kongresses Christenverfolgung heute an die Landesregierung Rheinland.\"><\/object><a id=\"wp-block-file--media-1ef8cab1-ae69-4169-a632-1c741e48f61b\" href=\"https:\/\/botschafter-menschenrechte.de\/wp-content\/uploads\/2025\/11\/Petition-der-Menschenrechtsorganisation-EUCHOR-mit-Teilnehmern-des-Kongresses-Christenverfolgung-heute-an-die-Landesregierung-Rheinland.pdf\">Petition der Menschenrechtsorganisation EUCHOR mit Teilnehmern des Kongresses Christenverfolgung heute an die Landesregierung Rheinland<\/a><a href=\"https:\/\/botschafter-menschenrechte.de\/wp-content\/uploads\/2025\/11\/Petition-der-Menschenrechtsorganisation-EUCHOR-mit-Teilnehmern-des-Kongresses-Christenverfolgung-heute-an-die-Landesregierung-Rheinland.pdf\" class=\"wp-block-file__button wp-element-button\" download aria-describedby=\"wp-block-file--media-1ef8cab1-ae69-4169-a632-1c741e48f61b\">Herunterladen<\/a><\/div>\n\n\n\n<p><\/p>\n","protected":false},"excerpt":{"rendered":"<p>Tamer Hannas Bericht auf dem Kongress \u201eChristenverfolgung heute\u201c am 12. November 2025 im Tagungszentrum Sch\u00f6nblick in Schw\u00e4bisch Gm\u00fcnd hat uns tief beeindruckt. Tamer und seine Familie verdienen unsere Hilfe. Bitte verbreiten Sie den Appell weiter und unterst\u00fctzen auch Sie ihn mit Ihrer Unterschrift. Ihre Stimme kann dazu beitragen, das Leben eines Mannes zu sch\u00fctzen, der [&hellip;]<\/p>\n","protected":false},"author":1,"featured_media":3754,"comment_status":"open","ping_status":"open","sticky":false,"template":"","format":"standard","meta":{"footnotes":""},"categories":[20],"tags":[],"class_list":["post-3751","post","type-post","status-publish","format-standard","has-post-thumbnail","hentry","category-aegypten"],"_links":{"self":[{"href":"https:\/\/botschafter-menschenrechte.de\/index.php?rest_route=\/wp\/v2\/posts\/3751","targetHints":{"allow":["GET"]}}],"collection":[{"href":"https:\/\/botschafter-menschenrechte.de\/index.php?rest_route=\/wp\/v2\/posts"}],"about":[{"href":"https:\/\/botschafter-menschenrechte.de\/index.php?rest_route=\/wp\/v2\/types\/post"}],"author":[{"embeddable":true,"href":"https:\/\/botschafter-menschenrechte.de\/index.php?rest_route=\/wp\/v2\/users\/1"}],"replies":[{"embeddable":true,"href":"https:\/\/botschafter-menschenrechte.de\/index.php?rest_route=%2Fwp%2Fv2%2Fcomments&post=3751"}],"version-history":[{"count":4,"href":"https:\/\/botschafter-menschenrechte.de\/index.php?rest_route=\/wp\/v2\/posts\/3751\/revisions"}],"predecessor-version":[{"id":3758,"href":"https:\/\/botschafter-menschenrechte.de\/index.php?rest_route=\/wp\/v2\/posts\/3751\/revisions\/3758"}],"wp:featuredmedia":[{"embeddable":true,"href":"https:\/\/botschafter-menschenrechte.de\/index.php?rest_route=\/wp\/v2\/media\/3754"}],"wp:attachment":[{"href":"https:\/\/botschafter-menschenrechte.de\/index.php?rest_route=%2Fwp%2Fv2%2Fmedia&parent=3751"}],"wp:term":[{"taxonomy":"category","embeddable":true,"href":"https:\/\/botschafter-menschenrechte.de\/index.php?rest_route=%2Fwp%2Fv2%2Fcategories&post=3751"},{"taxonomy":"post_tag","embeddable":true,"href":"https:\/\/botschafter-menschenrechte.de\/index.php?rest_route=%2Fwp%2Fv2%2Ftags&post=3751"}],"curies":[{"name":"wp","href":"https:\/\/api.w.org\/{rel}","templated":true}]}}