{"id":3759,"date":"2026-01-09T16:30:43","date_gmt":"2026-01-09T16:30:43","guid":{"rendered":"https:\/\/botschafter-menschenrechte.de\/?p=3759"},"modified":"2026-01-09T16:33:12","modified_gmt":"2026-01-09T16:33:12","slug":"das-offizielle-schweigen-und-die-erdrueckende-realitaet","status":"publish","type":"post","link":"https:\/\/botschafter-menschenrechte.de\/?p=3759","title":{"rendered":"Das offizielle Schweigen und die erdr\u00fcckende Realit\u00e4t"},"content":{"rendered":"\n<p><strong>Drogenkonsum unter jungen Kubanern:<\/strong><\/p>\n\n\n\n<h2 class=\"wp-block-heading\"><strong>Das offizielle Schweigen und die erdr\u00fcckende Realit\u00e4t<\/strong><\/h2>\n\n\n\n<h5 class=\"wp-block-heading\"><strong>Von <\/strong><strong>Ricardo De Jes\u00fas Ruiz Garrido<\/strong><\/h5>\n\n\n\n<p>Seit dem Sieg der kubanischen Revolution im Januar 1959 vermittelt Kubas F\u00fchrung der internationalen Gemeinschaft das Bild eines \u201egepanzerten Paradieses\u201c im Kampf gegen die Drogen, gest\u00fctzt auf eine strenge soziale Kontrolle, die sich auf ein staatliches \u00dcberwachungssystem st\u00fctzt, in das die verschiedenen Organe des kubanischen Innenministeriums (MNINT) und die kommunistischen Massenorganisationen, die den revolution\u00e4ren Prozess unterst\u00fctzen, eingebunden sind.<\/p>\n\n\n\n<p>Aber an die Propagandal\u00fcge von angeblicher Sicherheit vor Drogenmissbrauch glauben selbst die Kader der Kommunistischen Partei nicht mehr. Denn der Konsum illegaler Substanzen unter jungen Menschen zu einem un\u00fcbersehbaren erdr\u00fcckenden Problem entwickelt, das mit der Wirtschaftskrise, dem Tourismus und dem Zugang zu digitalen Netzen zusammenh\u00e4ngt. Obwohl offizielle kubanische Quellen es vermeiden, das Thema eingehend zu behandeln, zeigen verstreute Daten und von unabh\u00e4ngigen Medien gesammelte Zeugenaussagen eine beunruhigende Realit\u00e4t.&nbsp;<\/p>\n\n\n\n<p>Die kubanische Regierung hat in der Vergangenheit Zahlen \u00fcber den Drogenkonsum und den illegalen Drogenhandel heruntergespielt. Im Jahr 2022 meldete das Gesundheitsministerium (MINSAP), dass 1,2 % der Bev\u00f6lkerung im Alter von 15 bis 34 Jahren illegale Drogen konsumiert hatten, ein niedriger Prozentsatz im Vergleich zu Daten aus anderen lateinamerikanischen L\u00e4ndern. Experten stellen diese Zahlen jedoch in Frage. &nbsp;Laut dem kubanischen Soziologen Alberto Roque, der 2023 von der unabh\u00e4ngigen Nachrichtenagentur 14ymedio interviewt wurde, \u201eerfassen die offiziellen Zahlen nicht den tats\u00e4chlichen Konsum, vor allem in den Touristengebieten oder den Bezirken von Havanna\u201c.&nbsp;<\/p>\n\n\n\n<p>In einem Bericht des Centro de Estudios sobre Juventud (CESJ) aus dem Jahr 2021, der von der regierungsnahen Zeitung Granma zitiert wurde, hie\u00df es, dass 8 Prozent der befragten Jugendlichen mindestens einmal Marihuana probiert h\u00e4tten. Obwohl sich die Studie nicht auf Drogen konzentrierte, war dies eines der wenigen Male, dass das Thema in der nationalen staatlichen Presse erw\u00e4hnt wurde.&nbsp; &nbsp;Nach Berichten der Nationalen Revolutionspolizei (PNR) ist Marihuana nach wie vor die am weitesten verbreitete Droge. Der Heimanbau hat sich vor allem in den l\u00e4ndlichen Gebieten der Provinzen Pinar del R\u00edo im Westen und Granma im Osten des Landes verbreitet. Im Jahr 2023 beschlagnahmte die Direktion f\u00fcr kriminalpolizeiliche Ermittlungen (DIP) 1.345 kg Cannabis, was einem Anstieg von 40 Prozent gegen\u00fcber 2020 entspricht.&nbsp;<\/p>\n\n\n\n<p>Es gibt jedoch alarmierende Fakten \u00fcber die Zunahme synthetischer Drogen. In Online-Foren und Telegramm-Gruppen sprechen junge Kubaner \u00fcber den Konsum von \u201eEcstasy\u201c und \u201ePillen\u201c, die auf illegalen Partys verkauft werden. Eine anonyme Aussage, die das Portal El Toque gesammelt hat, beschreibt: \u201eIn Varadero tauschen einige Tourismusangestellte Drogen gegen Dollar oder Hygieneartikel\u201c.&nbsp; &nbsp;Nahrungsmittelknappheit, Inflation (die 2024 bei den Grundbedarfsg\u00fctern 500 % \u00fcberstieg) und fehlende M\u00f6glichkeiten haben die Anf\u00e4lligkeit der Jugendlichen f\u00fcr diese Substanzen erh\u00f6ht. F\u00fcr viele sind Drogen eine Flucht vor der Realit\u00e4t, mit der sie jeden Tag konfrontiert sind. \u201eEs gibt keine Zukunft in diesem Land, und wir k\u00f6nnen nichts tun, um es zu \u00e4ndern. Welchen Sinn hat es, etwas auszuprobieren, das einen alles vergessen l\u00e4sst, was wir gerade durchleben\u201c, gestand ein 21-j\u00e4hriger Einwohner der Gemeinde Centro Habana, den der Autor dieses Artikels telefonisch befragte.&nbsp;&nbsp;&nbsp;<\/p>\n\n\n\n<p>Nach Angaben des Nationalen Statistikamtes (ONEI) hat Kuba im Jahr 2023 noch 2,4 Millionen Touristen empfangen. Dieser Zustrom hat die Einfuhr von Drogen in das Land erleichtert. Im Jahr 2022 meldete der Zoll 124 F\u00e4lle von Drogenhandel an Flugh\u00e4fen, 30 Prozent mehr als im Jahr 2019. Die Route von Jamaika und Mexiko ist nach Expertenmeinung die aktivste.&nbsp;<\/p>\n\n\n\n<p>Spezialisten der Direktion f\u00fcr Drogenbek\u00e4mpfung des MININT behaupten, dass die sozialen Netzwerke als neuer Markt f\u00fcr den Kauf und Verkauf von Drogen fungieren. &nbsp;Gef\u00e4lschte Instagram-Konten bieten in verschl\u00fcsselter Sprache \u201eBlumen\u201c (Marihuana) oder \u201eTripis\u201c (LSD) an. F\u00fcr das Jahr 2023 k\u00fcndigte das Innenministerium (MININT) die Zerschlagung von mindestens 20 Online-Drogenhandelsnetzen an, wobei jedoch keine Einzelheiten genannt wurden.&nbsp;<\/p>\n\n\n\n<p>Die Reaktion des Staates auf das Drogenproblem ist eine Kombination aus Aufkl\u00e4rungskampagnen und harter Hand. In kubanischen Schulen werden Workshops mit Slogans wie \u201e*Drogen zerst\u00f6ren dein Leben*\u201c abgehalten. Organisationen wie *CubaCheck* weisen jedoch darauf hin, dass es diesen Programmen an einem wissenschaftlichen Ansatz mangelt und sie sich auf moralisierende Reden beschr\u00e4nken.&nbsp;<\/p>\n\n\n\n<p>Andererseits sieht das Strafgesetzbuch (2022) bis zu 20 Jahre Gef\u00e4ngnis f\u00fcr Drogenhandel vor. Nach Angaben des MININT gegen\u00fcber den offiziellen Medien der Insel wurden im Jahr 2023 1.200 Personen wegen Drogenhandels verhaftet, 60 % von ihnen waren unter 30 Jahre alt.<\/p>\n\n\n\n<p>Aktivisten verschiedener Organisationen, die mit dieser Gei\u00dfel in Verbindung stehen, prangern an, dass die Repression nur die Konsumenten kriminalisiert: \u201eViele junge Leute gehen f\u00fcr den Besitz von ein paar Gramm Marihuana ins Gef\u00e4ngnis, nicht f\u00fcr den Verkauf\u201c, kritisiert Yoan de la Cruz, ein Strafrechtsanwalt, der von ADN-Cuba interviewt wurde.&nbsp; &nbsp;Nach Angaben des MINSAP gibt es in Kuba nur zwei Entgiftungszentren (in Havanna und Santiago de Cuba). Die Betreuung ist begrenzt, und es gibt keine Programme zur Schadensbegrenzung.<\/p>\n\n\n\n<p>Die Zunahme des Konsums stellt eine weitere Herausforderung f\u00fcr das prek\u00e4re kubanische Gesundheitssystem dar, das f\u00fcr seinen pr\u00e4ventiven Ansatz bekannt ist, aber durch den anhaltenden Mangel an Medikamenten und die Abwanderung von Fachkr\u00e4ften desolat ist. Dar\u00fcber hinaus werden immer mehr F\u00e4lle von psychischen St\u00f6rungen und Abh\u00e4ngigkeiten unter Jugendlichen gemeldet, ein Ph\u00e4nomen, das im Gegensatz zu dem traditionellen Bild einer geringen Drogeninzidenz auf der Insel steht.<\/p>\n\n\n\n<p>Auf gesellschaftlicher Ebene hat das Ph\u00e4nomen Besorgnis \u00fcber m\u00f6gliche Verbindungen zum Kleinsthandel und zur Kriminalit\u00e4t ausgel\u00f6st, obwohl diese Aktivit\u00e4ten im Vergleich zu anderen L\u00e4ndern der Region noch als geringf\u00fcgig gelten.&nbsp;<\/p>\n\n\n\n<p>\u201eWenn ich zugeben w\u00fcrde, dass ich Drogen nehme, w\u00fcrde man mich von der Universit\u00e4t werfen und ich w\u00fcrde meinen Abschluss verlieren\u201c, erkl\u00e4rte ein 20-j\u00e4hriger Student der Universit\u00e4t Havanna in einem Telefoninterview mit dem Autor dieses Artikels.&nbsp;<\/p>\n\n\n\n<p>Das Stigma treibt den Konsum in den Untergrund. \u201eEs gibt hier keine &#8218;Drogens\u00fcchtigen&#8216;, sondern &#8218;Abweichler&#8216;, die die Revolution verraten\u201c, ironisierte ein Nutzer im Forum *Reddit Cuba*.&nbsp; &nbsp;Der Drogenkonsum unter jungen Kubanern spiegelt eine mehrdimensionale Krise wider: wirtschaftliche, soziale und psychische Gesundheit. Obwohl die Regierung von Miguel D\u00edaz Canel auf \u201eNulltoleranz\u201c besteht, versch\u00e4rft der Mangel an transparenten Daten und modernen Pr\u00e4ventionsma\u00dfnahmen das Problem. In der Zwischenzeit bewegt sich eine Generation zwischen Hoffnungslosigkeit und der Suche nach einem Ausweg und zeigt ein Kuba, das weit von den revolution\u00e4ren Slogans entfernt ist.<\/p>\n","protected":false},"excerpt":{"rendered":"<p>Drogenkonsum unter jungen Kubanern: Das offizielle Schweigen und die erdr\u00fcckende Realit\u00e4t Von Ricardo De Jes\u00fas Ruiz Garrido Seit dem Sieg der kubanischen Revolution im Januar 1959 vermittelt Kubas F\u00fchrung der internationalen Gemeinschaft das Bild eines \u201egepanzerten Paradieses\u201c im Kampf gegen die Drogen, gest\u00fctzt auf eine strenge soziale Kontrolle, die sich auf ein staatliches \u00dcberwachungssystem st\u00fctzt, [&hellip;]<\/p>\n","protected":false},"author":1,"featured_media":3763,"comment_status":"open","ping_status":"open","sticky":false,"template":"","format":"standard","meta":{"footnotes":""},"categories":[17],"tags":[],"class_list":["post-3759","post","type-post","status-publish","format-standard","has-post-thumbnail","hentry","category-kuba"],"_links":{"self":[{"href":"https:\/\/botschafter-menschenrechte.de\/index.php?rest_route=\/wp\/v2\/posts\/3759","targetHints":{"allow":["GET"]}}],"collection":[{"href":"https:\/\/botschafter-menschenrechte.de\/index.php?rest_route=\/wp\/v2\/posts"}],"about":[{"href":"https:\/\/botschafter-menschenrechte.de\/index.php?rest_route=\/wp\/v2\/types\/post"}],"author":[{"embeddable":true,"href":"https:\/\/botschafter-menschenrechte.de\/index.php?rest_route=\/wp\/v2\/users\/1"}],"replies":[{"embeddable":true,"href":"https:\/\/botschafter-menschenrechte.de\/index.php?rest_route=%2Fwp%2Fv2%2Fcomments&post=3759"}],"version-history":[{"count":1,"href":"https:\/\/botschafter-menschenrechte.de\/index.php?rest_route=\/wp\/v2\/posts\/3759\/revisions"}],"predecessor-version":[{"id":3761,"href":"https:\/\/botschafter-menschenrechte.de\/index.php?rest_route=\/wp\/v2\/posts\/3759\/revisions\/3761"}],"wp:featuredmedia":[{"embeddable":true,"href":"https:\/\/botschafter-menschenrechte.de\/index.php?rest_route=\/wp\/v2\/media\/3763"}],"wp:attachment":[{"href":"https:\/\/botschafter-menschenrechte.de\/index.php?rest_route=%2Fwp%2Fv2%2Fmedia&parent=3759"}],"wp:term":[{"taxonomy":"category","embeddable":true,"href":"https:\/\/botschafter-menschenrechte.de\/index.php?rest_route=%2Fwp%2Fv2%2Fcategories&post=3759"},{"taxonomy":"post_tag","embeddable":true,"href":"https:\/\/botschafter-menschenrechte.de\/index.php?rest_route=%2Fwp%2Fv2%2Ftags&post=3759"}],"curies":[{"name":"wp","href":"https:\/\/api.w.org\/{rel}","templated":true}]}}