{"id":691,"date":"2020-08-04T08:02:50","date_gmt":"2020-08-04T08:02:50","guid":{"rendered":"http:\/\/botschafter-menschenrechte.de\/?p=691"},"modified":"2020-08-10T12:27:45","modified_gmt":"2020-08-10T12:27:45","slug":"die-aktuelle-verfolgungslage-der-bahai-in-iran-und-jemen","status":"publish","type":"post","link":"https:\/\/botschafter-menschenrechte.de\/?p=691","title":{"rendered":"Die aktuelle Verfolgungslage der Bah\u00e1&#8217;\u00ed in Iran und Jemen"},"content":{"rendered":"\n<h2 class=\"wp-block-heading\">Die aktuelle Verfolgungslage der Bah\u00e1&#8217;\u00ed in Iran und Jemen<\/h2>\n\n\n\n<p>W\u00e4hrend der rapiden Ausbreitung des Coronavirus im Iran und Jemen, sind die Bah\u00e1\u2019\u00ed zunehmender und zum Teil lebensbedrohlicher Verfolgung durch die Iranische Regierung und die Huthi-Rebellen ausgesetzt. Iranische Beh\u00f6rden haben in den letzten Wochen mindestens 77 Personen im ganzen Land ins Visier genommen. Berichte \u00fcber die j\u00fcngste Androhung einer \u201eEntwurzelung\u201c der Gemeinde in Schiras, erg\u00e4nzt durch eine beispiellose Anzahl neuer Gef\u00e4ngnisstrafen, erneuter Inhaftierungen und einer medialen Hasskampagne, geben der seit Langem verfolgten religi\u00f6sen Minderheit im Land Anlass zur Sorge.<\/p>\n\n\n\n<figure class=\"wp-block-image size-large\"><img loading=\"lazy\" decoding=\"async\" width=\"750\" height=\"375\" src=\"http:\/\/botschafter-menschenrechte.de\/wp-content\/uploads\/2020\/08\/thumbnail_Iran-Appeals-Court-Upholds-31-Year-Total-Sentence-For-Bahais.jpg\" alt=\"\" class=\"wp-image-692\" srcset=\"https:\/\/botschafter-menschenrechte.de\/wp-content\/uploads\/2020\/08\/thumbnail_Iran-Appeals-Court-Upholds-31-Year-Total-Sentence-For-Bahais.jpg 750w, https:\/\/botschafter-menschenrechte.de\/wp-content\/uploads\/2020\/08\/thumbnail_Iran-Appeals-Court-Upholds-31-Year-Total-Sentence-For-Bahais-300x150.jpg 300w\" sizes=\"auto, (max-width: 750px) 100vw, 750px\" \/><figcaption><br>Diese Bah\u00e1\u2019\u00ed wurden vom Berufungsgericht in Schiras einzig wegen ihres Glaubens zu langj\u00e4hrigen Haftstrafen verurteilt. (Quelle: iranpresswatch.com)<\/figcaption><\/figure>\n\n\n\n<p>Das Berufungsgericht in Schiras verurteilte im Juli zw\u00f6lf Bah\u00e1\u2019\u00ed rechtskr\u00e4ftig zu Gef\u00e4ngnisstrafen von insgesamt <a href=\"http:\/\/iranpresswatch.org\/post\/21269\/four-bahais-convicted-shiraz-total-33-years-prison-12-bahais\/\">33 Jahren und sechs Monaten<\/a>. In den letzten Wochen wurden 40 Bah\u00e1\u2019\u00ed in Schiras, deren F\u00e4lle seit Monaten anh\u00e4ngig waren, vor Gericht geladen, was eine in den letzten Jahren beispiellose Anzahl von Gerichtsvorladungen gegen Bah\u00e1\u2019\u00ed in einer einzigen Stadt darstellt. In einem erstinstanzlichen Strafverfahren gegen eine Gruppe von Bah\u00e1\u2019\u00ed, drohte ein Justizbeamter damit, die Bah\u00e1\u2019\u00ed in Schiras zu \u201eentwurzeln\u201c.<\/p>\n\n\n\n<p>\u201eEine derart entsetzliche Erkl\u00e4rung des Beamten ist eine offenkundige Demonstration des religi\u00f6sen Fanatismus und der Vorurteile, mit denen die Bah\u00e1\u2019\u00ed in Iran konfrontiert sind. Sie ist auch ein klarer Beweis f\u00fcr die justizielle Ungerechtigkeit gegen die Bah\u00e1\u2019\u00ed und die wahre Motivation der Beh\u00f6rden\u201c, sagt Jascha Noltenius, Beauftragter f\u00fcr Menschenrechtsfragen der Bah\u00e1\u2019\u00ed-Gemeinde in Deutschland. \u201eDies zeigt nicht nur das Fehlen von Rechtsstaatlichkeit und die schwere Diskriminierung, mit der die Bah\u00e1\u2019\u00ed im iranischen Justizsystem behandelt werden, sondern soll die Bah\u00e1\u2019\u00ed auch einsch\u00fcchtern, indem erheblicher psychologischer Druck auf die direkt Betroffenen sowie auf ihre Familien und alle Bah\u00e1\u2019\u00ed im Iran ausge\u00fcbt wird.\u201c<\/p>\n\n\n\n<p>Au\u00dfer in Schiras sind die Bah\u00e1\u2019\u00ed in Birjand, Qaem-Shahr, Isfahan, Karaj, Kermanshah und Yazd in den letzten Wochen allein wegen ihres Glaubens verhaftet, vor Gericht geladen, angeklagt, zu Gef\u00e4ngnisstrafen verurteilt oder inhaftiert worden. Die Gesamtzahl bel\u00e4uft sich auf mindestens 77 betroffene Bah\u00e1\u2019\u00ed. Unter den in Birjand verhafteten Bah\u00e1\u2018\u00ed befindet sich ein \u00e4lterer Mann, dessen Gesundheit im Falle einer Inhaftierung altersbedingt stark gef\u00e4hrdet ist. Ein Ehepaar, das zu einer Gef\u00e4ngnisstrafe verurteilt wurde, hat eine an Krebs erkrankte Tochter, was im Falle einer Inhaftierung zu tiefer Besorgnis um ihre Pflege f\u00fchrt.<\/p>\n\n\n\n<p>\u201eDie j\u00fcngsten Vorf\u00e4lle haben Hunderte von Familien unter gro\u00dfen Druck gesetzt\u201c, so Noltenius. \u201eSie w\u00e4hrend einer Gesundheitskrise mit einer alarmierenden Eskalationsrate der st\u00e4ndigen Bedrohung einer Inhaftierung und den damit verbundenen emotionalen \u00c4ngsten auszusetzen, ist ein weiterer Versuch, die Gemeinde noch st\u00e4rker zu belasten.\u201c<\/p>\n\n\n\n<p>Der j\u00fcngste Druck wird dadurch verst\u00e4rkt, dass die staatsnahen Medien des Iran die Bah\u00e1\u2019\u00ed durch eine zunehmend koordinierte Verbreitung von Desinformationen \u00f6ffentlich <a href=\"https:\/\/srv.deutschlandradio.de\/themes\/dradio\/script\/aod\/index.html?audioMode=3&amp;audioID=848490&amp;state=\">diffarmieren<\/a>. Fernsehkan\u00e4le, Zeitungen, Radiosender und soziale Medien streuen Artikel und Videos, die den Bah\u00e1\u2019\u00ed-Glauben verunglimpfen, w\u00e4hrend den Bah\u00e1\u2019\u00ed das Recht auf Gegendarstellung verweigert wird. Die <a href=\"http:\/\/www.bic.org\/\"><em>Bah\u00e1\u2019\u00ed International Community<\/em><\/a>hat alleine im Zeitraum Januar bis April 2020 mehr als 3.000 Artikel mit Anti-Baha\u2019i-Propaganda aufgezeichnet, wobei sich die monatliche Anzahl verdoppelte.<\/p>\n\n\n\n<figure class=\"wp-block-image size-large\"><img loading=\"lazy\" decoding=\"async\" width=\"1024\" height=\"587\" src=\"http:\/\/botschafter-menschenrechte.de\/wp-content\/uploads\/2020\/08\/Hetzartikel-1024x587.jpg\" alt=\"\" class=\"wp-image-693\" srcset=\"https:\/\/botschafter-menschenrechte.de\/wp-content\/uploads\/2020\/08\/Hetzartikel-1024x587.jpg 1024w, https:\/\/botschafter-menschenrechte.de\/wp-content\/uploads\/2020\/08\/Hetzartikel-300x172.jpg 300w, https:\/\/botschafter-menschenrechte.de\/wp-content\/uploads\/2020\/08\/Hetzartikel-768x440.jpg 768w, https:\/\/botschafter-menschenrechte.de\/wp-content\/uploads\/2020\/08\/Hetzartikel-1536x880.jpg 1536w, https:\/\/botschafter-menschenrechte.de\/wp-content\/uploads\/2020\/08\/Hetzartikel.jpg 1661w\" sizes=\"auto, (max-width: 1024px) 100vw, 1024px\" \/><figcaption>Ein Hetzartikel gegen Bah\u00e1\u2019\u00ed von der Nachrichtenagentur Mashreghnews.<\/figcaption><\/figure>\n\n\n\n<p>\u201eDie Drohung, \u201aeine Gemeinschaft zu entwurzeln\u2018, die massenhafte Anklage ihrer Mitglieder, die Wiederaufnahme ihrer Haft w\u00e4hrend einer Pandemie sowie die Verbreitung hasserf\u00fcllter Propaganda, ist eine schockierende und zutiefst beunruhigende Entwicklung\u201c, so Herr Noltenius.&nbsp; \u201eWie kann die iranische Regierung ihrer heiligen Pflicht gegen\u00fcber dem Wohlergehen ihrer Bev\u00f6lkerung nachkommen, w\u00e4hrend sie die Entwurzelung einer Gemeinde gesetzestreuer B\u00fcrger vorantreibt? Alle Bah\u00e1\u2019\u00ed, die in Iran Diskriminierungen ausgesetzt sind, sind unschuldig und die gegen sie betriebene religi\u00f6se Verfolgung muss aufh\u00f6ren.\u201c<\/p>\n\n\n\n<p>Die Freilassung der inhaftierten Bah\u00e1\u2019\u00ed sowie die Einstellung der willk\u00fcrlichen Strafverfahren gegen Anh\u00e4nger dieser gr\u00f6\u00dften religi\u00f6sen Minderheit des Landes forderten k\u00fcrzlich die IGFM und die GfbV gemeinsam mit 30 deutschen Parlamentariern, Menschenrechtlern sowie Gesundheitsexperten in einem <a href=\"https:\/\/www.igfm.de\/iran-willkuerliche-inhaftierungen-und-verurteilungen-von-bahai-einstellen-appell-igfm-gfbv\/\">Appell<\/a> an die iranische Regierung.<\/p>\n\n\n\n<p>Entsprechend eines von den Vereinten Nationen ver\u00f6ffentlichten Regierungsmemorandums, bem\u00fcht sich das Iranische Regime auch, die kulturellen Wurzeln der Bah\u00e1\u2019\u00ed im Ausland zu zerst\u00f6ren \u2013 aktuell \u00fcber die Einflussnahme auf die Huthi-Rebellen im <strong>Jemen<\/strong>. Die Huthi-Beh\u00f6rden gef\u00e4hrdeten bis vor wenigen Tagen das Leben von sechs unschuldigen Bah\u00e1\u2019\u00ed-Gewissensgefangenen, obwohl es schon fr\u00fch Anzeichen daf\u00fcr gab, dass sich das Corona-Virus auf die Gef\u00e4ngnisse in der von ihnen kontrollierten Hauptstadt Sanaa ausgebreitet hat, und die Vereinten Nationen Warnungen hinsichtlich einer <a href=\"https:\/\/news.sky.com\/story\/coronavirus-will-delete-yemen-from-maps-all-over-the-world-11989917\">\u201eschnellen Vervielfachung\u201c<\/a> im Jemen aussprachen.<\/p>\n\n\n\n<figure class=\"wp-block-image size-large\"><img loading=\"lazy\" decoding=\"async\" width=\"1024\" height=\"756\" src=\"http:\/\/botschafter-menschenrechte.de\/wp-content\/uploads\/2020\/08\/thumbnail_Jemen_Bahai-1024x756.jpg\" alt=\"\" class=\"wp-image-694\" srcset=\"https:\/\/botschafter-menschenrechte.de\/wp-content\/uploads\/2020\/08\/thumbnail_Jemen_Bahai-1024x756.jpg 1024w, https:\/\/botschafter-menschenrechte.de\/wp-content\/uploads\/2020\/08\/thumbnail_Jemen_Bahai-300x221.jpg 300w, https:\/\/botschafter-menschenrechte.de\/wp-content\/uploads\/2020\/08\/thumbnail_Jemen_Bahai-768x567.jpg 768w, https:\/\/botschafter-menschenrechte.de\/wp-content\/uploads\/2020\/08\/thumbnail_Jemen_Bahai.jpg 1280w\" sizes=\"auto, (max-width: 1024px) 100vw, 1024px\" \/><figcaption><br>GfbV, Jementischer Jugendclub und Bah\u00e1\u2019\u00ed fordern Freilassung der sechs wegen ihres Glaubens inhaftierten Bah\u00e1\u2019\u00ed im Jemen.<\/figcaption><\/figure>\n\n\n\n<p>Mehr als vier Monate sind zwischen der Freilassungsank\u00fcndigung des <a href=\"https:\/\/www.gfbv.de\/de\/news\/bahai-i-im-jemen-9973\/\">Pr\u00e4sidenten des Obersten Politischen Rates<\/a> der Huthis in Sanaa bzgl. der <a href=\"https:\/\/iran.bahai.de\/sechs-inhaftierte-bahai\/\">sechs<\/a> langj\u00e4hrig-inhaftierten Bah\u00e1\u2019\u00ed&nbsp; und der tats\u00e4chlichen <a href=\"https:\/\/iran.bahai.de\/2020\/07\/sechs-von-den-huthis-inhaftierte-bahai-im-jemen-freigelassen\/\">Umsetzung<\/a> vergangen. Erst am 30. Juli 2020 konnte der aufgrund seines Glaubens zum Tode verurteilte <a href=\"https:\/\/iran.bahai.de\/todesurteil-hamed-bin-haydara\/\">Hamed bin Haydara<\/a> sowie die f\u00fcnf weiteren willk\u00fcrlich-inhaftierten jemenitischen Bah\u00e1\u2019\u00ed das Gef\u00e4ngnis verlassen. Jeder von ihnen wurde zu Unrecht verhaftet, verh\u00f6rt und in einigen F\u00e4llen k\u00f6rperlich gefoltert, bevor er wegen angeblicher Verbrechen angeklagt und ohne Zugang zu Anw\u00e4lten vor Gericht gestellt wurde. Der schlechte Gesundheitszustand der Gefangenen bedeutete eine besonders hohe Gefahr einer t\u00f6dlichen Infektion, da in den Gef\u00e4ngnissen nur eine sehr mangelhafte medizinische Versorgungslage besteht. Bis zu der Freilassung ignorierten die Huthi-Beh\u00f6rden, dass bei mehreren Gefangenen im Zentralgef\u00e4ngnis das Coronavirus diagnostiziert wurde.<\/p>\n\n\n\n<p>Das B\u00fcro des <a href=\"https:\/\/news.un.org\/en\/story\/2020\/04\/1061002\">Hochkommissars der Vereinten Nationen f\u00fcr Menschenrechte<\/a> hatte bereits Anfang April zur Freilassung von Gewissensgefangenen weltweit aufgerufen, um diese vor dem Risiko einer Ansteckung in den Gef\u00e4ngnissen zu sch\u00fctzen. In einem Namensbeitrag f\u00fcr die Financial Times, der am 1. Juli auf der <a href=\"https:\/\/www.auswaertiges-amt.de\/de\/newsroom\/maas-linde-raab-ft\/2361786\">Website des Ausw\u00e4rtigen Amtes<\/a> ver\u00f6ffentlicht wurde, verk\u00fcndete der Bundesau\u00dfenminister Heiko Maas gemeinsam mit seiner schwedischen und seinem britischen Amtskollegen: <em>\u201eWir appellieren an die Huthi-Rebellen, ihre Ank\u00fcndigung, Anh\u00e4nger des Bahai-Glaubens freizulassen, umzusetzen.\u201c<\/em>&nbsp;<\/p>\n\n\n\n<p>Offenbar sind die Freilassungen nur durch den anhaltenden internationalen Druck durch Menschenrechtsorganisationen, <a href=\"https:\/\/iran.bahai.de\/2020\/03\/bundesregierung-fordert-aufhebung-des-todesurteils-und-ende-der-verfolgung-der-bahai-im-jemen\/\">Regierungen<\/a> und <a href=\"https:\/\/www.ippforb.com\/newsroom\/2020\/04\/27-bahai-prisoner-in-yemen-is-yet-to-be-released-as-promised\">Parlamentarier<\/a> sowie Organe der <a href=\"https:\/\/t.co\/giOG3Wyean?amp=1\">Vereinten Nationen<\/a> auf die Huthi-Beh\u00f6rden m\u00f6glich geworden. Dies betont auch die Noltenius:<\/p>\n\n\n\n<p>\u201eDie Bah\u00e1\u2019\u00ed-Gemeinde in Deutschland dankt dem UN-Sondergesandten f\u00fcr den Jemen sowie dem B\u00fcro des UN-Hochkommissars f\u00fcr Menschenrechte. Wir danken auch den Regierungen und Nichtregierungsorganisationen, die diesen Prozess w\u00e4hrend des gesamten Prozesses unterst\u00fctzt haben.\u201d<\/p>\n\n\n\n<p>Nach diesen Freilassungen fordert die deutsche Bah\u00e1\u2019\u00ed-Gemeinde die Einstellung aller Strafverfahren gegen diese sechs Personen und die weiteren angeklagten Bah\u00e1\u2019\u00ed, die R\u00fcckgabe ihres Verm\u00f6gens sowie ihrer Besitzt\u00fcmer und dass alle Bah\u00e1\u2019\u00ed im Jemen k\u00fcnftig von ihrem Recht Gebrauch machen k\u00f6nnen, ohne Verfolgungsgefahr nach ihren religi\u00f6sen \u00dcberzeugungen zu leben.<\/p>\n\n\n\n<p>\u201eWir begr\u00fc\u00dfen die heutigen Freilassungen, sind aber nach wie vor ernsthaft besorgt\u201c, sagt Jascha Noltenius, Beauftragter f\u00fcr Menschenrechtsfragen der Bah\u00e1\u2019\u00ed-Gemeinde in Deutschland. \u201eDa Jemens Suche nach dauerhaftem, gesellschaftlichem Frieden weitergeht, muss den Bah\u00e1\u2019\u00ed- wie allen Jemeniten \u2013 erm\u00f6glicht werden, ihren Glauben frei und in Sicherheit auszu\u00fcben, in \u00dcbereinstimmung mit den universellen Prinzipien der Religions- und Glaubensfreiheit. Dies ist unm\u00f6glich, bis die Strafverfahren eingestellt werden.\u201c<\/p>\n\n\n\n<p>Weitere Informationen finden Sie unter: <a href=\"https:\/\/iran.bahai.de\" target=\"_blank\" rel=\"noreferrer noopener\">https:\/\/iran.bahai.de<\/a><\/p>\n","protected":false},"excerpt":{"rendered":"<p>Die aktuelle Verfolgungslage der Bah\u00e1&#8217;\u00ed in Iran und Jemen W\u00e4hrend der rapiden Ausbreitung des Coronavirus im Iran und Jemen, sind die Bah\u00e1\u2019\u00ed zunehmender und zum Teil lebensbedrohlicher Verfolgung durch die Iranische Regierung und die Huthi-Rebellen ausgesetzt. Iranische Beh\u00f6rden haben in den letzten Wochen mindestens 77 Personen im ganzen Land ins Visier genommen. Berichte \u00fcber die [&hellip;]<\/p>\n","protected":false},"author":1,"featured_media":694,"comment_status":"open","ping_status":"open","sticky":true,"template":"","format":"standard","meta":{"footnotes":""},"categories":[16,11],"tags":[],"class_list":["post-691","post","type-post","status-publish","format-standard","has-post-thumbnail","hentry","category-iran","category-laender"],"_links":{"self":[{"href":"https:\/\/botschafter-menschenrechte.de\/index.php?rest_route=\/wp\/v2\/posts\/691","targetHints":{"allow":["GET"]}}],"collection":[{"href":"https:\/\/botschafter-menschenrechte.de\/index.php?rest_route=\/wp\/v2\/posts"}],"about":[{"href":"https:\/\/botschafter-menschenrechte.de\/index.php?rest_route=\/wp\/v2\/types\/post"}],"author":[{"embeddable":true,"href":"https:\/\/botschafter-menschenrechte.de\/index.php?rest_route=\/wp\/v2\/users\/1"}],"replies":[{"embeddable":true,"href":"https:\/\/botschafter-menschenrechte.de\/index.php?rest_route=%2Fwp%2Fv2%2Fcomments&post=691"}],"version-history":[{"count":4,"href":"https:\/\/botschafter-menschenrechte.de\/index.php?rest_route=\/wp\/v2\/posts\/691\/revisions"}],"predecessor-version":[{"id":942,"href":"https:\/\/botschafter-menschenrechte.de\/index.php?rest_route=\/wp\/v2\/posts\/691\/revisions\/942"}],"wp:featuredmedia":[{"embeddable":true,"href":"https:\/\/botschafter-menschenrechte.de\/index.php?rest_route=\/wp\/v2\/media\/694"}],"wp:attachment":[{"href":"https:\/\/botschafter-menschenrechte.de\/index.php?rest_route=%2Fwp%2Fv2%2Fmedia&parent=691"}],"wp:term":[{"taxonomy":"category","embeddable":true,"href":"https:\/\/botschafter-menschenrechte.de\/index.php?rest_route=%2Fwp%2Fv2%2Fcategories&post=691"},{"taxonomy":"post_tag","embeddable":true,"href":"https:\/\/botschafter-menschenrechte.de\/index.php?rest_route=%2Fwp%2Fv2%2Ftags&post=691"}],"curies":[{"name":"wp","href":"https:\/\/api.w.org\/{rel}","templated":true}]}}