{"id":777,"date":"2020-08-06T07:32:30","date_gmt":"2020-08-06T07:32:30","guid":{"rendered":"http:\/\/botschafter-menschenrechte.de\/?p=777"},"modified":"2020-08-07T07:50:04","modified_gmt":"2020-08-07T07:50:04","slug":"oswaldo-paya-und-der-kampf-fuer-die-menschenrechte-in-kuba-2","status":"publish","type":"post","link":"https:\/\/botschafter-menschenrechte.de\/?p=777","title":{"rendered":"Oswaldo Pay\u00e1 und der Kampf f\u00fcr die Menschenrechte in Kuba."},"content":{"rendered":"\n<h2 class=\"wp-block-heading\"><strong>Oswaldo Pay\u00e1 und der Kampf f\u00fcr die Menschenrechte in Kuba.<\/strong><\/h2>\n\n\n\n<p>2003 verurteilte das Castro-Regime 75 Menschenrechtsaktivisten und unabh\u00e4ngige Journalisten zu langen Haftstrafen. Viele von ihnen unterst\u00fctzten das Varela-Projekt, eine Initiative der christlichen Befreiungsbewegung, die ein Referendum fordert, das von der Bev\u00f6lkerung stark unterst\u00fctzt und international anerkannt wurde. Aus diesem Grund hat das Europ\u00e4ische Parlament Oswaldo Paya 2002 den Sacharow-Preis verliehen.<br><br>Mit der Macht\u00fcbernahme durch Castro wurde auf Kuba &#8211; \u00e4hnlich wie in der ehemaligen DDR , eine Einparteien-Herrschaft errichtet, welche die Menschenrechte erst einschr\u00e4nkte, anschlie\u00dfend in Kern Bereichen abschaffte. Oppositionelle werden seit 1959 verfolgt, eingesperrt oder zum Tode verurteil. Unfreiheit, Bespitzelung und Verfolgung bewirken, dass in vielen Bereichen des gesellschaftlichen Lebens Stagnation und Niedergang einzogen. Opposition und Wiederstand bestanden von Anbeginn, entwickelten sich und haben sich bis heute vertieft.<br><br>Seit den sechziger Jahren kritisierte Oswaldo offen die mangelnde Meinungs- und Religionsfreiheit und litt bis zu seinem Tod am 22.7.2012 unter Drohungen und st\u00e4ndiger Bel\u00e4stigung. Sein Kampf zielte zuerst darauf ab, die Kubaner von der Angst vor Repressalien, aber auch von der Angst vor Ver\u00e4nderungen zu befreien.<br><br>&#8222;Wir m\u00fcssen uns auf unsere Zukunft einigen.&#8220; Diese Worte von Oswaldo f\u00fchren zur Reflexion und ebnen den Weg f\u00fcr einen nationalen Dialog.<br>Die schreckliche wirtschaftliche Situation und die systematische Unterdr\u00fcckung haben Tausende Kubaner gezwungen, das Land zu verlassen, darunter sind auch viele Oppositionelle.<br><br>Eine neue Generation junger Regimegegner und unabh\u00e4ngiger Journalisten k\u00e4mpft f\u00fcr die Demokratisierung. Die neue Oppositionsbewegung hat vielleicht eine eigene Dynamik oder Strategie entwickelt, aber ich bin sicher, dass der Samen, den Oswaldo gepflanzt hat, Fr\u00fcchte tragen wird und Kuba &#8222;frei und demokratisch wiedergeboren wird&#8220;.<br>Die Aktivisten der christlichen Befreiungsbewegung haben die Aufgabe, die Arbeit von Oswaldo fortzusetzen. Sie verdienen die moralische Unterst\u00fctzung der internationalen Gemeinschaft. Man darf sie nicht vergessen.<br><br>Jorge Garcia Vazquez<br>Arbeitsgruppe Demokratie f\u00fcr Kuba\/ Berlin<br>Movimiento Cristiano Liberaci\u00f3n<\/p>\n","protected":false},"excerpt":{"rendered":"<p>Oswaldo Pay\u00e1 und der Kampf f\u00fcr die Menschenrechte in Kuba. 2003 verurteilte das Castro-Regime 75 Menschenrechtsaktivisten und unabh\u00e4ngige Journalisten zu langen Haftstrafen. Viele von ihnen unterst\u00fctzten das Varela-Projekt, eine Initiative der christlichen Befreiungsbewegung, die ein Referendum fordert, das von der Bev\u00f6lkerung stark unterst\u00fctzt und international anerkannt wurde. Aus diesem Grund hat das Europ\u00e4ische Parlament Oswaldo [&hellip;]<\/p>\n","protected":false},"author":1,"featured_media":851,"comment_status":"open","ping_status":"open","sticky":false,"template":"","format":"standard","meta":{"footnotes":""},"categories":[17,11],"tags":[],"class_list":["post-777","post","type-post","status-publish","format-standard","has-post-thumbnail","hentry","category-kuba","category-laender"],"_links":{"self":[{"href":"https:\/\/botschafter-menschenrechte.de\/index.php?rest_route=\/wp\/v2\/posts\/777","targetHints":{"allow":["GET"]}}],"collection":[{"href":"https:\/\/botschafter-menschenrechte.de\/index.php?rest_route=\/wp\/v2\/posts"}],"about":[{"href":"https:\/\/botschafter-menschenrechte.de\/index.php?rest_route=\/wp\/v2\/types\/post"}],"author":[{"embeddable":true,"href":"https:\/\/botschafter-menschenrechte.de\/index.php?rest_route=\/wp\/v2\/users\/1"}],"replies":[{"embeddable":true,"href":"https:\/\/botschafter-menschenrechte.de\/index.php?rest_route=%2Fwp%2Fv2%2Fcomments&post=777"}],"version-history":[{"count":1,"href":"https:\/\/botschafter-menschenrechte.de\/index.php?rest_route=\/wp\/v2\/posts\/777\/revisions"}],"predecessor-version":[{"id":778,"href":"https:\/\/botschafter-menschenrechte.de\/index.php?rest_route=\/wp\/v2\/posts\/777\/revisions\/778"}],"wp:featuredmedia":[{"embeddable":true,"href":"https:\/\/botschafter-menschenrechte.de\/index.php?rest_route=\/wp\/v2\/media\/851"}],"wp:attachment":[{"href":"https:\/\/botschafter-menschenrechte.de\/index.php?rest_route=%2Fwp%2Fv2%2Fmedia&parent=777"}],"wp:term":[{"taxonomy":"category","embeddable":true,"href":"https:\/\/botschafter-menschenrechte.de\/index.php?rest_route=%2Fwp%2Fv2%2Fcategories&post=777"},{"taxonomy":"post_tag","embeddable":true,"href":"https:\/\/botschafter-menschenrechte.de\/index.php?rest_route=%2Fwp%2Fv2%2Ftags&post=777"}],"curies":[{"name":"wp","href":"https:\/\/api.w.org\/{rel}","templated":true}]}}