{"id":868,"date":"2020-08-07T07:27:15","date_gmt":"2020-08-07T07:27:15","guid":{"rendered":"http:\/\/botschafter-menschenrechte.de\/?p=868"},"modified":"2020-08-07T07:49:23","modified_gmt":"2020-08-07T07:49:23","slug":"die-kopten-sind-die-zielscheibe-der-radikalen-muslime","status":"publish","type":"post","link":"https:\/\/botschafter-menschenrechte.de\/?p=868","title":{"rendered":"Die Kopten sind die Zielscheibe der radikalen Muslime"},"content":{"rendered":"\n<p><strong>Medhat Klada im Gespr\u00e4ch&nbsp;<\/strong><\/p>\n\n\n\n<h2 class=\"wp-block-heading\"><strong>Die Kopten sind die Zielscheibe der radikalen Muslime&nbsp;<\/strong><\/h2>\n\n\n\n<p><strong>Klada: Der Westen ignoriert das Leiden der christlichen Bev\u00f6lkerung \u2013 der \u00e4gyptische Staat kann und will die christliche Minderheit am Nil nicht sch\u00fctzen<\/strong><\/p>\n\n\n\n<hr class=\"wp-block-separator\"\/>\n\n\n\n<p><em>Medhat Klada ist Vorsitzender der in der Schweiz ans\u00e4ssigen Menschenrechtsorganisation \u201eMiddle East Human Rights\u201c und Pr\u00e4sident der Europ\u00e4ischen Union koptischer Menschenrechtsorganisationen (EUCHOR). EUCHOR ist in zahlreichen Staaten der Europ\u00e4ischen Union mit Gruppen und Mitgliedern vertreten.<\/em><\/p>\n\n\n\n<hr class=\"wp-block-separator\"\/>\n\n\n\n<p><strong>Wer sind die Kopten?<\/strong><\/p>\n\n\n\n<p>Die Kopten sind ein Kulturvolk und z\u00e4hlen wie die Nubier zu den Ureinwohnern \u00c4gyptens. Sie sind die gr\u00f6\u00dfte christliche Minderheit des Nahen Ostens. Mit 20 bis 23 Millionen Angeh\u00f6rigen stellen die Kopten knapp ein Viertel der 104,2 Millionen Einwohner \u00c4gyptens (Gem\u00e4\u00df Z\u00e4hlung am 30. September 2018).&nbsp;<\/p>\n\n\n\n<p><strong>Nach Darstellung der \u00e4gyptischen Regierung ist die Zahl der Kopten aber wesentlich geringer. Wie kommt es zu so widerspr\u00fcchlichen Angaben?<\/strong><\/p>\n\n\n\n<p>Die \u00e4gyptische Regierung stuft den Anteil der koptischen Bev\u00f6lkerung auf nur 10 \u2013 15 Prozent der Bev\u00f6lkerung herab und schafft damit die Grundlage f\u00fcr die Diskriminierung der Kopten in Staat und Gesellschaft.&nbsp; Die aktuelle Statistik der akribisch gef\u00fchrten Taufregister der Koptisch-orthodoxen Kirche widerspricht dieser falschen Darstellung eindeutig!<\/p>\n\n\n\n<p><strong>Sind die Kopten von der \u00e4gyptischen Regierung entt\u00e4uscht?<\/strong><\/p>\n\n\n\n<p>W\u00e4hrend der sogenannten \u201eWiderstands-Revolution\u201c am 30. Juni 2013, gef\u00fchrt durch den jetzigen Pr\u00e4sidenten al-Sisi gegen das Regime von Muhammed Mursi und seine radikale \u201eMuslimbruderschaft\u201c, unterst\u00fctzten die Kopten die Revolution und nahmen an den friedlichen Demonstrationen teil. Sie erhofften sich, \u00c4gypten werde sich zu einem zivilen Staat entwickeln, in dem alle B\u00fcrger, ungeachtet ihrer Religion, gleiche Rechte genie\u00dfen. Die Kopten, als Kirche und Bev\u00f6lkerung, zahlten daf\u00fcr einen hohen Preis und wurden erst recht zur Zielscheibe der radikalen Muslime.<\/p>\n\n\n\n<p><strong>Was steht einer Gleichberechtigung der christlichen \u00c4gypter entgegen?<\/strong><\/p>\n\n\n\n<p>Die Regierung unter General al-Sisi fiel in die Arme der saudisch-finanzierten und infiltrierten Salafisten. Die radikalen wahhabitischen Salafisten dominieren seither die Entscheidungen der Regierung.&nbsp; Als Beispiel f\u00fcr diese Sonderstellung durfte die salafistische Partei, al-Noor, in den letzten Parlamentswahlen von 2017 ihre Kandidaten f\u00fcr das \u00e4gyptische Parlament nennen und f\u00fcr diese im Namen der Partei Werbung machen. Dies, obwohl die \u00e4gyptische Verfassung, gem\u00e4ss Artikel 54 politische Parteien auf religi\u00f6ser Basis verbietet. Die Regierung hat hier beide Augen zugedr\u00fcckt! F\u00fcr die koptische Bev\u00f6lkerung brachte der Sturz der Muslimbruderschaft keinerlei Verbesserung.<\/p>\n\n\n\n<p><strong>K\u00f6nnen Sie daf\u00fcr Beispiele nennen?<\/strong><\/p>\n\n\n\n<p>Es gibt zahlreiche Beispiele: So werden f\u00fcr s\u00e4mtliche Beglaubigungen und Zertifikate, die durch die \u00e4gyptischen Beh\u00f6rden ausgestellt werden, Geb\u00fchren erhoben. Einzige Ausnahme ist die beh\u00f6rdliche Best\u00e4tigung, dass eine Person zum Islam konvertiert ist.<\/p>\n\n\n\n<p>Zur traurigen Realit\u00e4t geh\u00f6rt auch, dass junge M\u00e4nner, die den Koran oder einen Teil davon auswendig lernen, bei der obligatorischen Milit\u00e4rpflicht als \u201eAkademiker\u201c behandelt werden oder ihre Milit\u00e4rpflicht wird um die H\u00e4lfte verk\u00fcrzt.<\/p>\n\n\n\n<p><strong>Wie geht der \u00e4gyptische Staat offiziell mit den Religionsgemeinschaften um?<\/strong><\/p>\n\n\n\n<p>Es gibt viel Symbolpolitik. Christen werden \u00f6ffentlich vom Staatspr\u00e4sidenten als gleichwertig dargestellt oder Pr\u00e4sident al-Sisi zeigt sich \u00f6ffentlich mit dem koptischen Papst, nimmt sogar an einer Kircheneinweihung teil. Die staatliche Praxis widerspricht diesen symbolischen Handlungen aber leider extrem. Das gilt sogar f\u00fcr die Erhebung von Steuern. So sind Moscheen von der Liegenschafts-Steuer befreit. Kirchen hingegen m\u00fcssen diese Steuer zahlen.<\/p>\n\n\n\n<p>Kopten sind f\u00fcr Stellen beim Nachrichtendienst \u201enicht erw\u00fcnscht\u201c. Kopten werden in h\u00f6heren Kaderpositionen bei der Polizei nicht besch\u00e4ftigt. Kopten werden im Gesundheitsdienst als Gyn\u00e4kologen nicht zugelassen. Koptische Wissenschaftler werden nicht als Dekan einer Universit\u00e4t oder einer Fakult\u00e4t ernannt und so weiter \u2026.<\/p>\n\n\n\n<p><strong>Aus Gr\u00fcnden der \u201esozialen Sicherheit sind viele koptische Kirchen gegen den Willen der Kirche geschlossen worden. Was erwarten die Kopten von den \u00e4gyptischen Beh\u00f6rden?<\/strong><\/p>\n\n\n\n<p>Wir erwarten, dass s\u00e4mtliche Kirchen ge\u00f6ffnet werden k\u00f6nnen und dass christliche \u00c4gypter von der \u00e4gyptischen Polizei wirksam gesch\u00fctzt werden.<\/p>\n\n\n\n<p>Die Liste der amtlich geschlossenen Kirchen seit der \u00c4ra von Pr\u00e4sident Abdel Fattah al-Sisi ist sehr lang. Allein im Bistum Armant und Esna in der N\u00e4he von Luxor wurden seit 2013 acht Kirchen geschlossen und s\u00e4mtliche liturgischen Aktivit\u00e4ten verboten.<\/p>\n\n\n\n<p>Den Schlie\u00dfungen gingen gewaltsame Proteste von Islamisten voraus. In der Regel wurden die Proteste von Gewalt gegen christliche Einwohner begleitet. Die Polizei hat entweder auf die erwarteten Bedrohungen gar nicht reagiert und ist Stunden sp\u00e4ter erschienen, oder sie war zugegen, schaute aber nur zu. Die \u00fcbliche Reaktion war die Verhaftung von Kopten mit der Beschuldigung, Muslime provoziert zu haben.<\/p>\n\n\n\n<p><strong>Werfen Sie der \u00e4gyptischen Polizei vor, dass sie religi\u00f6s parteiisch ist und Christen diskriminiert?<\/strong><\/p>\n\n\n\n<p>Ja. Daf\u00fcr gibt es zahlreiche Beispiele: In Beni-Menin, einem Dorf in der Provinz von Beni Suef, haben Islamisten am Samstag, dem 14. April 2018 die koptischen Einwohner, sowie ein Kirchengeb\u00e4ude angegriffen. Der P\u00f6bel ging mit St\u00f6cken, Ziegeln und Steinen gegen das Kirchengeb\u00e4ude und H\u00e4user der Christen vor.&nbsp; Als Begr\u00fcndung gaben sie an, die Kirche verunreinige ihr Dorf! Die Polizei bediente sich der \u00fcblichen Methode, und verhaftete Kopten&#8230; \u00c4hnliches widerfuhr am 31. August 2018, auch den Kopten im Dorf Damschao Hashim in der Minya-Provinz. H\u00e4user der Christen wurden ausgeraubt und niedergebrannt.&nbsp; Die Angreifer bedienten sich an Geld, Gold, und Haushaltapparaten aus den zerst\u00f6rten H\u00e4usern der Kopten. Bei diesen Raubz\u00fcgen wurden zwei Kopten und ein Feuerwehrmann verletzt.&nbsp;<\/p>\n\n\n\n<p>Der Anla\u00df der Islamisten gegen die Opfer vorzugehen war das christliche Gebet. Allein, das gemeinschaftliche Gebet der Christen reicht den Fanatikern als Begr\u00fcndung f\u00fcr gewaltsame Ausschreitungen gegen Kopten. Diesmal verhaftete die Polizei 38 Muslimen, davon sind 19 noch in der Untersuchungshaft. Die Anderen sind frei.<\/p>\n\n\n\n<p>Zu Dutzenden wurden Kirchen, meistens in der Provinz von Minya, der Hochburg der Islamisten in Ober\u00e4gypten, auf gleiche Weise demoliert, niedergebrannt und zugeschlossen. Die Angriffe erfolgten in der Regel im Anschluss an das Freitagsgebet in den Moscheen und wurden immer von k\u00f6rperlicher Gewalt gegen Christen begleitet. Leider geschah dies auch unter Aufsicht und unter Pr\u00e4senz der Polizei! Wie zum Beispiel am 6. Juli 2018, nat\u00fcrlich ein Freitag(!), in Ezbet Sultan in Minya.<\/p>\n\n\n\n<p><strong>Wie gro\u00df ist die Zahl der&nbsp; koptische Kirchen, die zum Schutze der Sicherheit geschlossen sind?<\/strong><\/p>\n\n\n\n<p>Bis heute wurden in \u00c4gypten 251 koptische Kirchen auf Befehl der Polizei \u201ezum Schutz der sozialen Sicherheit\u201c geschlossen. 52 Kirchen wurden allein in der Islamistenhochburg, der Provinz Minya zwangsgeschlossen. Statt die Verantwortlichen in die Pflicht zu nehmen, versuchen die Beh\u00f6rden das Gesetz zu umgehen und eine \u201efriedliche Vers\u00f6hnung\u201c zu erzwingen. Die Polizei bedient sich dabei einer h\u00f6chst fragw\u00fcrdigen Methode: Einige Christen werden kurzerhand wegen angeblicher Provokation verhaftet. Somit gibt es Beschuldigte auf beiden Seiten.<\/p>\n\n\n\n<p><strong>Immer wieder wurde \u00fcber die Entf\u00fchrung der koptischen M\u00e4dchen und Frauen berichtet. Besteht dieses Problem fort?&nbsp;<\/strong><\/p>\n\n\n\n<p>Dutzende von koptischen M\u00e4dchen und Frauen werden j\u00e4hrlich entf\u00fchrt und zwangsislamisiert. Darunter gibt es viele Minderj\u00e4hrige. Die Polizei und die anderen Beh\u00f6rden sch\u00fctzen die T\u00e4ter.<\/p>\n\n\n\n<p>Ich m\u00f6chte an Marina Nashat, 17, erinner. Sie wurde am 8. M\u00e4rz 2018 in Suhag, entf\u00fchrt und zwangsislamisiert. Oder an Miray Girgis, 20, aus Suhag, wurde am April 2018 auf dem Weg zu ihrer Universit\u00e4t entf\u00fchrt und zwangsislamisiert. An Amira Hafiz, 15, wurde in Luxor am 25. M\u00e4rz 2017 entf\u00fchrt, zwangsislamisiert und zwangsverheiratet mit einem Muslim.<\/p>\n\n\n\n<p>Diese und andere Trag\u00f6dien finden immer wieder in \u00c4gypten statt. Die freie Welt sollte Druck auf das \u00e4gyptische Regime f\u00fcr eine humane Behandlung der \u00e4gyptischen Christen aus\u00fcben.<\/p>\n","protected":false},"excerpt":{"rendered":"<p>Medhat Klada im Gespr\u00e4ch&nbsp; Die Kopten sind die Zielscheibe der radikalen Muslime&nbsp; Klada: Der Westen ignoriert das Leiden der christlichen Bev\u00f6lkerung \u2013 der \u00e4gyptische Staat kann und will die christliche Minderheit am Nil nicht sch\u00fctzen Medhat Klada ist Vorsitzender der in der Schweiz ans\u00e4ssigen Menschenrechtsorganisation \u201eMiddle East Human Rights\u201c und Pr\u00e4sident der Europ\u00e4ischen Union koptischer [&hellip;]<\/p>\n","protected":false},"author":1,"featured_media":869,"comment_status":"open","ping_status":"open","sticky":false,"template":"","format":"standard","meta":{"footnotes":""},"categories":[20,11],"tags":[],"class_list":["post-868","post","type-post","status-publish","format-standard","has-post-thumbnail","hentry","category-aegypten","category-laender"],"_links":{"self":[{"href":"https:\/\/botschafter-menschenrechte.de\/index.php?rest_route=\/wp\/v2\/posts\/868","targetHints":{"allow":["GET"]}}],"collection":[{"href":"https:\/\/botschafter-menschenrechte.de\/index.php?rest_route=\/wp\/v2\/posts"}],"about":[{"href":"https:\/\/botschafter-menschenrechte.de\/index.php?rest_route=\/wp\/v2\/types\/post"}],"author":[{"embeddable":true,"href":"https:\/\/botschafter-menschenrechte.de\/index.php?rest_route=\/wp\/v2\/users\/1"}],"replies":[{"embeddable":true,"href":"https:\/\/botschafter-menschenrechte.de\/index.php?rest_route=%2Fwp%2Fv2%2Fcomments&post=868"}],"version-history":[{"count":3,"href":"https:\/\/botschafter-menschenrechte.de\/index.php?rest_route=\/wp\/v2\/posts\/868\/revisions"}],"predecessor-version":[{"id":901,"href":"https:\/\/botschafter-menschenrechte.de\/index.php?rest_route=\/wp\/v2\/posts\/868\/revisions\/901"}],"wp:featuredmedia":[{"embeddable":true,"href":"https:\/\/botschafter-menschenrechte.de\/index.php?rest_route=\/wp\/v2\/media\/869"}],"wp:attachment":[{"href":"https:\/\/botschafter-menschenrechte.de\/index.php?rest_route=%2Fwp%2Fv2%2Fmedia&parent=868"}],"wp:term":[{"taxonomy":"category","embeddable":true,"href":"https:\/\/botschafter-menschenrechte.de\/index.php?rest_route=%2Fwp%2Fv2%2Fcategories&post=868"},{"taxonomy":"post_tag","embeddable":true,"href":"https:\/\/botschafter-menschenrechte.de\/index.php?rest_route=%2Fwp%2Fv2%2Ftags&post=868"}],"curies":[{"name":"wp","href":"https:\/\/api.w.org\/{rel}","templated":true}]}}