{"id":887,"date":"2020-08-07T07:45:52","date_gmt":"2020-08-07T07:45:52","guid":{"rendered":"http:\/\/botschafter-menschenrechte.de\/?p=887"},"modified":"2020-08-07T07:45:52","modified_gmt":"2020-08-07T07:45:52","slug":"ein-trauriger-tag-fuer-die-menschenrechte","status":"publish","type":"post","link":"https:\/\/botschafter-menschenrechte.de\/?p=887","title":{"rendered":"\u201eEin trauriger Tag f\u00fcr die Menschenrechte\u201c"},"content":{"rendered":"\n<h2 class=\"wp-block-heading\"><strong>\u201eEin trauriger Tag f\u00fcr die Menschenrechte\u201c<\/strong><\/h2>\n\n\n\n<p><strong>30 Jahre Kairoer Erkl\u00e4rung der Menschenrechte im Islam<\/strong><\/p>\n\n\n\n<p>Frankfurt am Main, 4. August 2020<strong> &#8211; Am 5. August j\u00e4hrt sich die Unterzeichnung der \u201eKairoer Erkl\u00e4rung der Menschenrechte im Islam\u201c das drei\u00dfigste Mal. Im Jahr 1990 hat die Konferenz der \u201eOrganisation Islamischer Staaten\u201c, heute Organisation f\u00fcr Islamische Zusammenarbeit (OIC), diese Erkl\u00e4rung beschlossen. Unter dem Schutz der Scharia legitimiert die \u201eKairoer Erkl\u00e4rung der Menschenrechte im Islam\u201c Praktiken, die die Integrit\u00e4t und W\u00fcrde des menschlichen Wesens angreifen. Dies betrifft vor allem Frauen und Nichtmuslime, betont die Internationale Gesellschaft f\u00fcr Menschenrechte (IGFM). &nbsp;<\/strong><\/p>\n\n\n\n<p>\u201eDer Jahrestag ist kein Grund zur Freude, er ist ein trauriger Tag f\u00fcr die Bef\u00fcrworter der Allgemeinen Erkl\u00e4rung der Menschenrechte. Denn Menschenrechte gelten universell, sind f\u00fcr alle gleich und frei von religi\u00f6sen Vorschriften wie der der Scharia\u201c, erkl\u00e4rt Martin Lessenthin, Vorstandssprecher IGFM.<\/p>\n\n\n\n<p>Bis heute haben 55 der 57 OIC-Staaten die Erkl\u00e4rung durch ihre Au\u00dfenminister unterzeichnet, darunter \u00c4gypten, Iran, Pakistan sowie die T\u00fcrkei. Aus dem generellen Vorbehalt der Scharia in der Erkl\u00e4rung und dem Schweigen zur vollen Rechtsgleichheit der Frau sowie zum Recht auf religi\u00f6se Selbstbestimmung wird deutlich, dass eine konsequente Gleichberechtigung von Menschen muslimischen Glaubens und Nichtmuslimen sowie M\u00e4nnern und Frauen nach der Kairoer Erkl\u00e4rung ausgeschlossen ist.&nbsp;<\/p>\n\n\n\n<p>Bis heute halten die Signatarstaaten am Kern der Kairoer Erkl\u00e4rung fest und orientieren sich bei Abstimmungen im Rahmen des UN-Menschenrechtsrat oder in der UN-Frauenkommission nicht an der Allgemeinen Erkl\u00e4rung der Menschenrechte der Vereinten Nationen, sondern ma\u00dfgeblich an der Kairoer Erkl\u00e4rung der Menschenrechte, die an vielen Stellen Widerspr\u00fcche zur \u201eAllgemeinen Erkl\u00e4rung der Menschenrechte\u201c aufweist.<\/p>\n\n\n\n<div class=\"wp-block-file\"><a href=\"http:\/\/botschafter-menschenrechte.de\/wp-content\/uploads\/2020\/08\/Allgemeine-Erkla\u0308rung-der-Menschenrechte_10.12.1948._Paris-Frankreich-1.docx\">DOWNLOAD<\/a><a href=\"http:\/\/botschafter-menschenrechte.de\/wp-content\/uploads\/2020\/08\/Allgemeine-Erkla\u0308rung-der-Menschenrechte_10.12.1948._Paris-Frankreich-1.docx\" class=\"wp-block-file__button\" download>Allgemeine Erkl\u00e4rung der Menschenrechte<\/a><\/div>\n\n\n\n<div class=\"wp-block-file\"><a href=\"http:\/\/botschafter-menschenrechte.de\/wp-content\/uploads\/2020\/08\/Internationaler-Pakt-u\u0308ber-bu\u0308rgerliche-und-politische-Rechte_19.12.1966._New-York-City-U.S.A_-1.docx\">DOWNLOAD<\/a><a href=\"http:\/\/botschafter-menschenrechte.de\/wp-content\/uploads\/2020\/08\/Internationaler-Pakt-u\u0308ber-bu\u0308rgerliche-und-politische-Rechte_19.12.1966._New-York-City-U.S.A_-1.docx\" class=\"wp-block-file__button\" download>Internationaler Pakt \u00fcber b\u00fcrgerliche und politische Rechte<\/a><\/div>\n\n\n\n<div class=\"wp-block-file\"><a href=\"http:\/\/botschafter-menschenrechte.de\/wp-content\/uploads\/2020\/08\/Kairoer-Erkla\u0308rung-der-Menschenrechte_31.07.1990._Kairo-A\u0308gypten-1.docx\">DOWNLOAD<\/a><a href=\"http:\/\/botschafter-menschenrechte.de\/wp-content\/uploads\/2020\/08\/Kairoer-Erkla\u0308rung-der-Menschenrechte_31.07.1990._Kairo-A\u0308gypten-1.docx\" class=\"wp-block-file__button\" download>Kairoer Erkl\u00e4rung der Menschenrechte<\/a><\/div>\n\n\n\n<div class=\"wp-block-file\"><a href=\"http:\/\/botschafter-menschenrechte.de\/wp-content\/uploads\/2020\/08\/Konvention-u\u0308ber-die-Rechte-des-Kindes_20.11.1989_New-York-City-U.S.A_-1.docx\">DOWNLOAD<\/a><a href=\"http:\/\/botschafter-menschenrechte.de\/wp-content\/uploads\/2020\/08\/Konvention-u\u0308ber-die-Rechte-des-Kindes_20.11.1989_New-York-City-U.S.A_-1.docx\" class=\"wp-block-file__button\" download>Konvention \u00fcber die Rechte des Kindes<\/a><\/div>\n\n\n\n<div class=\"wp-block-file\"><a href=\"http:\/\/botschafter-menschenrechte.de\/wp-content\/uploads\/2020\/08\/Verhu\u0308tung-und-Beka\u0308mpfung-von-Gewalt-gegen-Frauen-und-ha\u0308uslicher-Gewalt-Istanbul-Konvention_11.05.2011._IstanbulTu\u0308rkei-1.docx\">DOWNLOAD<\/a><a href=\"http:\/\/botschafter-menschenrechte.de\/wp-content\/uploads\/2020\/08\/Verhu\u0308tung-und-Beka\u0308mpfung-von-Gewalt-gegen-Frauen-und-ha\u0308uslicher-Gewalt-Istanbul-Konvention_11.05.2011._IstanbulTu\u0308rkei-1.docx\" class=\"wp-block-file__button\" download>Verh\u00fctung und Bek\u00e4mpfung von Gewalt gegen Frauen und h\u00e4uslicher Gewalt Istanbul-Konvention<\/a><\/div>\n","protected":false},"excerpt":{"rendered":"<p>\u201eEin trauriger Tag f\u00fcr die Menschenrechte\u201c 30 Jahre Kairoer Erkl\u00e4rung der Menschenrechte im Islam Frankfurt am Main, 4. August 2020 &#8211; Am 5. August j\u00e4hrt sich die Unterzeichnung der \u201eKairoer Erkl\u00e4rung der Menschenrechte im Islam\u201c das drei\u00dfigste Mal. Im Jahr 1990 hat die Konferenz der \u201eOrganisation Islamischer Staaten\u201c, heute Organisation f\u00fcr Islamische Zusammenarbeit (OIC), diese [&hellip;]<\/p>\n","protected":false},"author":1,"featured_media":833,"comment_status":"open","ping_status":"open","sticky":false,"template":"","format":"standard","meta":{"footnotes":""},"categories":[21,10,1],"tags":[],"class_list":["post-887","post","type-post","status-publish","format-standard","has-post-thumbnail","hentry","category-menschenrechte","category-themen","category-uncategorized"],"_links":{"self":[{"href":"https:\/\/botschafter-menschenrechte.de\/index.php?rest_route=\/wp\/v2\/posts\/887","targetHints":{"allow":["GET"]}}],"collection":[{"href":"https:\/\/botschafter-menschenrechte.de\/index.php?rest_route=\/wp\/v2\/posts"}],"about":[{"href":"https:\/\/botschafter-menschenrechte.de\/index.php?rest_route=\/wp\/v2\/types\/post"}],"author":[{"embeddable":true,"href":"https:\/\/botschafter-menschenrechte.de\/index.php?rest_route=\/wp\/v2\/users\/1"}],"replies":[{"embeddable":true,"href":"https:\/\/botschafter-menschenrechte.de\/index.php?rest_route=%2Fwp%2Fv2%2Fcomments&post=887"}],"version-history":[{"count":2,"href":"https:\/\/botschafter-menschenrechte.de\/index.php?rest_route=\/wp\/v2\/posts\/887\/revisions"}],"predecessor-version":[{"id":899,"href":"https:\/\/botschafter-menschenrechte.de\/index.php?rest_route=\/wp\/v2\/posts\/887\/revisions\/899"}],"wp:featuredmedia":[{"embeddable":true,"href":"https:\/\/botschafter-menschenrechte.de\/index.php?rest_route=\/wp\/v2\/media\/833"}],"wp:attachment":[{"href":"https:\/\/botschafter-menschenrechte.de\/index.php?rest_route=%2Fwp%2Fv2%2Fmedia&parent=887"}],"wp:term":[{"taxonomy":"category","embeddable":true,"href":"https:\/\/botschafter-menschenrechte.de\/index.php?rest_route=%2Fwp%2Fv2%2Fcategories&post=887"},{"taxonomy":"post_tag","embeddable":true,"href":"https:\/\/botschafter-menschenrechte.de\/index.php?rest_route=%2Fwp%2Fv2%2Ftags&post=887"}],"curies":[{"name":"wp","href":"https:\/\/api.w.org\/{rel}","templated":true}]}}