{"id":967,"date":"2020-08-17T11:35:11","date_gmt":"2020-08-17T11:35:11","guid":{"rendered":"http:\/\/botschafter-menschenrechte.de\/?p=967"},"modified":"2020-08-17T11:36:28","modified_gmt":"2020-08-17T11:36:28","slug":"nichtmuslimische-bahai-gelten-als-corona-suendenboecke-im-iran","status":"publish","type":"post","link":"https:\/\/botschafter-menschenrechte.de\/?p=967","title":{"rendered":"Nichtmuslimische Bahai gelten als Corona-S\u00fcndenb\u00f6cke im Iran"},"content":{"rendered":"\n<h2 class=\"wp-block-heading\"><strong>Nichtmuslimische Bahai gelten als Corona-S\u00fcndenb\u00f6cke im Iran<\/strong><\/h2>\n\n\n\n<p>Nichtmuslimische Bahai gelten als Corona-S\u00fcndenb\u00f6cke im Iran &#8211; hier geht es zum Video auf tagesschau.de.<\/p>\n\n\n\n<div class=\"wp-block-buttons is-layout-flex wp-block-buttons-is-layout-flex\">\n<div class=\"wp-block-button\"><a class=\"wp-block-button__link\" href=\"https:\/\/www.tagesschau.de\/multimedia\/video\/video-744539.html\" target=\"_blank\" rel=\"https:\/\/www.tagesschau.de\/multimedia\/video\/video-744539.html noopener noreferrer\">zum Video<\/a><\/div>\n<\/div>\n\n\n\n<p><\/p>\n","protected":false},"excerpt":{"rendered":"<p>Nichtmuslimische Bahai gelten als Corona-S\u00fcndenb\u00f6cke im Iran Nichtmuslimische Bahai gelten als Corona-S\u00fcndenb\u00f6cke im Iran &#8211; hier geht es zum Video auf tagesschau.de.<\/p>\n","protected":false},"author":1,"featured_media":968,"comment_status":"open","ping_status":"open","sticky":false,"template":"","format":"standard","meta":{"footnotes":""},"categories":[16,1],"tags":[],"class_list":["post-967","post","type-post","status-publish","format-standard","has-post-thumbnail","hentry","category-iran","category-uncategorized"],"_links":{"self":[{"href":"https:\/\/botschafter-menschenrechte.de\/index.php?rest_route=\/wp\/v2\/posts\/967","targetHints":{"allow":["GET"]}}],"collection":[{"href":"https:\/\/botschafter-menschenrechte.de\/index.php?rest_route=\/wp\/v2\/posts"}],"about":[{"href":"https:\/\/botschafter-menschenrechte.de\/index.php?rest_route=\/wp\/v2\/types\/post"}],"author":[{"embeddable":true,"href":"https:\/\/botschafter-menschenrechte.de\/index.php?rest_route=\/wp\/v2\/users\/1"}],"replies":[{"embeddable":true,"href":"https:\/\/botschafter-menschenrechte.de\/index.php?rest_route=%2Fwp%2Fv2%2Fcomments&post=967"}],"version-history":[{"count":4,"href":"https:\/\/botschafter-menschenrechte.de\/index.php?rest_route=\/wp\/v2\/posts\/967\/revisions"}],"predecessor-version":[{"id":972,"href":"https:\/\/botschafter-menschenrechte.de\/index.php?rest_route=\/wp\/v2\/posts\/967\/revisions\/972"}],"wp:featuredmedia":[{"embeddable":true,"href":"https:\/\/botschafter-menschenrechte.de\/index.php?rest_route=\/wp\/v2\/media\/968"}],"wp:attachment":[{"href":"https:\/\/botschafter-menschenrechte.de\/index.php?rest_route=%2Fwp%2Fv2%2Fmedia&parent=967"}],"wp:term":[{"taxonomy":"category","embeddable":true,"href":"https:\/\/botschafter-menschenrechte.de\/index.php?rest_route=%2Fwp%2Fv2%2Fcategories&post=967"},{"taxonomy":"post_tag","embeddable":true,"href":"https:\/\/botschafter-menschenrechte.de\/index.php?rest_route=%2Fwp%2Fv2%2Ftags&post=967"}],"curies":[{"name":"wp","href":"https:\/\/api.w.org\/{rel}","templated":true}]}}